{"id":8441,"date":"2022-07-19T08:58:14","date_gmt":"2022-07-19T06:58:14","guid":{"rendered":""},"modified":"2024-08-15T15:52:28","modified_gmt":"2024-08-15T13:52:28","slug":"audiciones-de-la-orquesta-sinfonica-2022-2","status":"publish","type":"post","link":"https:\/\/vicerrectorias.utp.edu.co\/responsabilidad-social\/audiciones-de-la-orquesta-sinfonica-2022-2\/","title":{"rendered":"Audiciones de la Orquesta Sinf\u00f3nica 2022-2"},"content":{"rendered":"\n<p><span class=\"post-content__span\"> <span><strong>Audiciones de la Orquesta Sinf\u00f3nica 2022-2<\/strong><\/span><\/p>\n\n\n\n<p><span class=\"post-content__span\"> <span>Realizar la convocatoria de audiciones con el fin de suplir las plazas en las categor\u00edas de m\u00fasico externo y estudiantes monitores e invitados.<\/span><\/p>\n\n\n\n<p><span class=\"post-content__span\"> <strong>M\u00daSICOS EXTERNOS:<\/strong><\/p>\n\n\n\n<ul class=\"wp-block-list\"><li>Flauta<\/li><li>Oboe<\/li><li>Fagot<\/li><li>Clarinete<\/li><li>Corno franc\u00e9s<\/li><li>Tromb\u00f3n<\/li><li>Viol\u00edn concertino<\/li><li>Violines<\/li><li>Violas<\/li><li>Violonchelos<\/li><li>Contrabajo<\/li><\/ul>\n\n\n\n<p><span class=\"post-content__span\"> \u200b<strong>ESTUDIANTES CON POSIBILIDAD DE OSTENTAR MONITOR\u00cdA Y ASISTENTES \u2013 INVITADOS:<\/strong><\/p>\n\n\n\n<ul class=\"wp-block-list\"><li>Flauta<\/li><li>Clarinete<\/li><li>Fagot<\/li><li>Oboe<\/li><li>Corno franc\u00e9s<\/li><li>Trompeta<\/li><li>Tromb\u00f3n<\/li><li>Tuba<\/li><li>Percusi\u00f3n<\/li><li>Cuerdas<\/li><\/ul>\n\n\n\n<p><span class=\"post-content__span\"> <span><strong>PENSUM<\/strong><\/span><\/p>\n\n\n\n<figure class=\"wp-block-table\"><table><tbody><tr><td>\n<p><span class=\"post-content__span\"> <strong><em>Instrumento: Flauta<\/em><\/strong><\/p>\n<\/td><td>\n<p><span class=\"post-content__span\"> <strong><em>Instrumento: Oboe &nbsp;<\/em><\/strong><\/p>\n<\/td><\/tr><tr><td>\n<ol>\n<li><strong>OBRAS &nbsp;<\/strong><\/li>\n<\/ol>\n<p><span class=\"post-content__span\"> Mozart k 313<\/p>\n<ul>\n<li>Exposici\u00f3n 1\u00ba mov<\/li>\n<li>2\u00ba mov<\/li>\n<li><strong>PASAJES ORQUESTALES:<\/strong><\/li>\n<\/ul>\n<p><span class=\"post-content__span\"> &nbsp;<\/p>\n<p><span class=\"post-content__span\"> &nbsp;<\/p>\n<ul>\n<li>Obertura William Tell<\/li>\n<li>Dvorak Sinfon\u00eda 8 4to Mov.<\/li>\n<\/ul>\n<p><span class=\"post-content__span\"> &nbsp;<\/p>\n<\/td><td>\n<ol>\n<li><strong>OBRAS<\/strong><\/li>\n<\/ol>\n<p><span class=\"post-content__span\"> &nbsp;<\/p>\n<p><span class=\"post-content__span\"> Mozart K314<\/p>\n<ol>\n<li>Exposici\u00f3n&nbsp; 1\u00ba mov<\/li>\n<li>2\u00ba mov<\/li>\n<li><strong>PASAJES ORQUESTALES:<\/strong><\/li>\n<\/ol>\n<p><span class=\"post-content__span\"> &nbsp;<\/p>\n<ul>\n<li>Rimsky \u2013 Korsakov Sheherezade<\/li>\n<li>Tchaikovsky \u2013 Sinfon\u00eda N\u00b0 4 &#8211; 2do mov.<\/li>\n<\/ul>\n<p><span class=\"post-content__span\"> &nbsp;<\/p>\n<\/td><\/tr><tr><td>\n<p><span class=\"post-content__span\"> <strong><em>Instrumento: Clarinete<\/em><\/strong><\/p>\n<\/td><td>\n<p><span class=\"post-content__span\"> <strong><em>Instrumento: Fagot<\/em><\/strong><\/p>\n<p><span class=\"post-content__span\"> &nbsp;<\/p>\n<\/td><\/tr><tr><td>\n<ol>\n<li><strong>OBRAS<\/strong><\/li>\n<\/ol>\n<p><span class=\"post-content__span\"> &nbsp;<\/p>\n<ul>\n<li>Mozart k 622<\/li>\n<li>Exposici\u00f3n 1\u00ba mov<\/li>\n<li>2\u00ba mov<\/li>\n<\/ul>\n<p><span class=\"post-content__span\"> &nbsp;<\/p>\n<ol>\n<li><strong>PASAJES ORQUESTALES:<\/strong><\/li>\n<li>Beethoven &#8211; Sinfon\u00eda 7 &#8211; 2do mov.<\/li>\n<li>Rimsky &#8211; Korsakov Capricho Espa\u00f1ol<\/li>\n<\/ol>\n<p><span class=\"post-content__span\"> &nbsp;<\/p>\n<\/td><td>\n<ol>\n<li><strong>OBRAS:<\/strong><\/li>\n<\/ol>\n<p><span class=\"post-content__span\"> Mozart K191<\/p>\n<ul>\n<li>Exposici\u00f3n&nbsp; 1\u00ba mov<\/li>\n<li>2\u00ba Mov<\/li>\n<\/ul>\n<p><span class=\"post-content__span\"> &nbsp;<\/p>\n<ol>\n<li><strong>PASAJES ORQUESTALES:<\/strong><\/li>\n<li>Ravel &#8211; \u201cbolero\u201d<\/li>\n<li>Mozart &#8211; Obertura \u201cbodas de F\u00edgaro\u201d<\/li>\n<\/ol>\n<p><span class=\"post-content__span\"> &nbsp;<\/p>\n<\/td><\/tr><tr><td>\n<p><span class=\"post-content__span\"> <strong><em>Instrumento: Corno Franc\u00e9s<\/em><\/strong><\/p>\n<\/td><td>\n<p><span class=\"post-content__span\"> <strong><em>Instrumento: Trompeta<\/em><\/strong><\/p>\n<p><span class=\"post-content__span\"> &nbsp;<\/p>\n<\/td><\/tr><tr><td>\n<p><span class=\"post-content__span\"> <strong>1. Externos<\/strong><\/p>\n<ul>\n<li><strong>OBRAS<\/strong><\/li>\n<li>Mozart &#8211; 3er movimiento concierto #4.<\/li>\n<\/ul>\n<p><span class=\"post-content__span\"> &nbsp;<\/p>\n<ul>\n<li><strong>PASAJES ORQUESTALES<\/strong><\/li>\n<li>Tchaikovsky &#8211; Sinfon\u00eda 5 &#8211; 2do mov.<\/li>\n<li>Ravel \u2013 \u201cPavane\u201d<\/li>\n<li>Tchaikovsky &#8211; Sinfon\u00eda 5 &#8211; 2do mov.<\/li>\n<li>Mahler \u2013 5ta sinfon\u00eda solo obligado<\/li>\n<\/ul>\n<p><span class=\"post-content__span\"> &nbsp;<\/p>\n<p><span class=\"post-content__span\"> <strong>2. Estudiantes<\/strong><\/p>\n<p><span class=\"post-content__span\"> &nbsp;<\/p>\n<ul>\n<li><strong>OBRAS<\/strong><\/li>\n<li>Mozart &#8211; 3er movimiento concierto #4<\/li>\n<li><strong>PASAJES ORQUESTALES<\/strong><\/li>\n<li>Ravel \u2013 \u201cPavane\u201d<\/li>\n<li>Mahler \u2013 5ta sinfon\u00eda solo obligado.<\/li>\n<\/ul>\n<\/td><td>\n<ol>\n<li><strong>OBRAS<\/strong><\/li>\n<li>1er movimoento de Haydn<\/li>\n<\/ol>\n<p><span class=\"post-content__span\"> &nbsp;<\/p>\n<ol>\n<li><strong>PASAJES ORQUESTALES<\/strong><\/li>\n<li>Mahler &#8211; Sinfon\u00eda 5 &#8211; 1er mov.<\/li>\n<li>Stravinsky \u2013 Petruchka &#8211; La Bailarina<\/li>\n<\/ol>\n<p><span class=\"post-content__span\"> &nbsp;<\/p>\n<p><span class=\"post-content__span\"> &nbsp;<\/p>\n<\/td><\/tr><tr><td>\n<p><span class=\"post-content__span\"> <strong><em>Instrumento: Tromb\u00f3n bajo (estudiantes<\/em><\/strong><\/p>\n<\/td><td>\n<p><span class=\"post-content__span\"> &nbsp;<\/p>\n<\/td><\/tr><tr><td>\n<ol>\n<li>&nbsp;<strong>OBRAS:<\/strong>\n<ul>\n<li>Concierto para tromb\u00f3n bajo, Alexander Levedeb<\/li>\n<\/ul>\n<\/li>\n<\/ol>\n<p><span class=\"post-content__span\"> &nbsp;<\/p>\n<ol>\n<li><strong>PASAJES ORQUESTALES:<\/strong>\n<ul>\n<li>Haydn, La creaci\u00f3n.<\/li>\n<\/ul>\n<\/li>\n<\/ol>\n<\/td><td>\n<p><span class=\"post-content__span\"> &nbsp;<\/p>\n<\/td><\/tr><tr><td>\n<p><span class=\"post-content__span\"> <strong><em>instrumento: Tromb\u00f3n<\/em><\/strong><\/p>\n<\/td><td>\n<p><span class=\"post-content__span\"> <strong><em>Instrumento: Tuba<\/em><\/strong><\/p>\n<p><span class=\"post-content__span\"> &nbsp;<\/p>\n<\/td><\/tr><tr><td>\n<ul>\n<li><strong>Externos<\/strong><\/li>\n<\/ul>\n<p><span class=\"post-content__span\"> &nbsp;<\/p>\n<ul>\n<li><strong>OBRAS<\/strong><\/li>\n<li>Ferdinand David \u201cconcertino\u201d 1er y 2do movimiento<\/li>\n<li><strong>PASAJES ORQUESTALES<\/strong><\/li>\n<li>Mahler &#8211; Sinfon\u00eda N\u00b0 3 &#8211; 1er mov<\/li>\n<li>Obertura William Tell<\/li>\n<li>Ravel &#8211; Bolero<\/li>\n<\/ul>\n<p><span class=\"post-content__span\"> &nbsp;<\/p>\n<p><span class=\"post-content__span\"> <strong>2. Estudiantes<\/strong><\/p>\n<ul>\n<li><strong>OBRAS<\/strong><\/li>\n<li>Ferdinand David \u201cconcertino\u201d 1er movimiento<\/li>\n<\/ul>\n<p><span class=\"post-content__span\"> &nbsp;<\/p>\n<ul>\n<li><strong>PASAJES ORQUESTALES<\/strong><\/li>\n<li>Mahler \u2013 Sinfon\u00eda No 3 \u2013 1er mov.<\/li>\n<li>Obertura William Tell<\/li>\n<\/ul>\n<\/td><td>\n<ol>\n<li><strong>PUEDE ELEGIR ENTRE ESTAS DOS OBRAS:<\/strong><\/li>\n<li>Suite para tuba. Comp: Don Haddad.<\/li>\n<li>Beelzebu. Comp:&nbsp; A. Catozzi<\/li>\n<\/ol>\n<p><span class=\"post-content__span\"> &nbsp;<\/p>\n<ol>\n<li><strong>PASAJES ORQUESTALES:<\/strong><\/li>\n<li>Un Americano en Paris<\/li>\n<li>La cabalgata de las Valkyrias<\/li>\n<\/ol>\n<p><span class=\"post-content__span\"> &nbsp;<\/p>\n<p><span class=\"post-content__span\"> &nbsp;<\/p>\n<p><span class=\"post-content__span\"> &nbsp;<\/p>\n<p><span class=\"post-content__span\"> &nbsp;<\/p>\n<p><span class=\"post-content__span\"> &nbsp;<\/p>\n<p><span class=\"post-content__span\"> &nbsp;<\/p>\n<\/td><\/tr><tr><td>\n<p><span class=\"post-content__span\"> <strong>Instrumentos: Percusi\u00f3n<\/strong><\/p>\n<\/td><\/tr><tr><td>\n<p><span class=\"post-content__span\"> &nbsp;<\/p>\n<ul>\n<li><strong>REDOBLANTE:<\/strong>&nbsp;\n<ul>\n<li>RAVEL Bolero, Completo.&nbsp; &nbsp; &nbsp; &nbsp; &nbsp; &nbsp; &nbsp; &nbsp; &nbsp; &nbsp; &nbsp; &nbsp; &nbsp; &nbsp; &nbsp;&nbsp;<\/li>\n<li>KORSAKOV Scheherezade, desde la letra P hasta la letra U.&nbsp; &nbsp; &nbsp; &nbsp; &nbsp; &nbsp; &nbsp;<\/li>\n<li>5\u201d Redoble cerrado pp, 5\u201d Redoble cerrado ff y 10 \u201c cresc y decresc.<\/li>\n<\/ul>\n<\/li>\n<li><strong>XIL\u00d3FONO Y GLOCK&nbsp; &nbsp; &nbsp; &nbsp; &nbsp; &nbsp; &nbsp; &nbsp; &nbsp; &nbsp; &nbsp;<\/strong>\n<ul>\n<li>GERSHWIN Porgy and Bess. # 13 al 17.&nbsp; &nbsp; &nbsp; &nbsp; &nbsp; &nbsp; &nbsp; &nbsp; &nbsp; &nbsp;<\/li>\n<li>P. DUKAS El Aprendiz de Brujo. 17 al 24<\/li>\n<\/ul>\n<\/li>\n<li><strong>PANDERETA:&nbsp;&nbsp;&nbsp;&nbsp;&nbsp;&nbsp;&nbsp;&nbsp;&nbsp;&nbsp;&nbsp;&nbsp;&nbsp;&nbsp;&nbsp;&nbsp;&nbsp;&nbsp;&nbsp;&nbsp;&nbsp;&nbsp;&nbsp;&nbsp;&nbsp;<\/strong>\n<ul>\n<li>DVORAK obertura Carnaval. Completa<\/li>\n<\/ul>\n<\/li>\n<li><strong>PLATILLOS Y BOMBO.&nbsp; &nbsp; &nbsp;<\/strong>&nbsp;\n<ul>\n<li>TCHAIKOVSKY Romeo y Julieta. E, O, T.&nbsp; &nbsp; &nbsp; &nbsp; &nbsp; &nbsp; &nbsp; &nbsp; &nbsp;&nbsp;<\/li>\n<li>TCHAIKOVSKY Nr 4, 270 a 292.<\/li>\n<li>&nbsp;<\/li>\n<\/ul>\n<\/li>\n<li><strong>INSTRUMENTOS COLOMBIANOS Y LATINOS.&nbsp;<\/strong><\/li>\n<\/ul>\n<p><span class=\"post-content__span\"> &nbsp;<\/p>\n<p><span class=\"post-content__span\"> Por favor indicar en la inscripci\u00f3n que instrumentos interpreta, se verificar\u00e1 su ejecuci\u00f3n.<\/p>\n<\/td><\/tr><tr><td>\n<p><span class=\"post-content__span\"> <strong>Instrumento: Viol\u00edn concertino<\/strong><\/p>\n<p><span class=\"post-content__span\"> &nbsp;<\/p>\n<\/td><td>\n<p><span class=\"post-content__span\"> <strong>Instrumento: Viol\u00edn fila<\/strong><\/p>\n<\/td><\/tr><\/tbody><\/table><\/figure>\n\n\n\n<p><span class=\"post-content__span\"> <span><strong>Fecha: <\/strong>Viernes 22 de julio de 2022<\/span><\/p>\n\n\n\n<p><span class=\"post-content__span\"> <span><strong>Hora: <\/strong><\/span><\/p>\n\n\n\n<p><span class=\"post-content__span\"> <span><strong>\u200b<\/strong>Cuerdas&nbsp; 9:00am a 12:00m<\/span><\/p>\n\n\n\n<p><span class=\"post-content__span\"> <span>Vientos y percusi\u00f3n de 2:00pm a 5:00pm<\/span><\/p>\n\n\n\n<p><span class=\"post-content__span\"> <span><strong>Lugar: <\/strong>Teatro de Bellas Artes y Humanidades \u2013 Edificio 12<\/span><\/p>\n\n\n\n<p><span class=\"post-content__span\"> <span><strong>Director titular: Leopoldo L\u00f3pez Gonz\u00e1lez<\/strong><\/span><\/p>\n","protected":false},"excerpt":{"rendered":"<p>Audiciones de la Orquesta Sinf\u00f3nica 2022-2 Realizar la convocatoria de audiciones con el fin de suplir las plazas en las [&hellip;]<\/p>\n","protected":false},"author":0,"featured_media":60662,"comment_status":"closed","ping_status":"closed","sticky":false,"template":"","format":"standard","meta":{"footnotes":""},"categories":[3],"tags":[],"class_list":["post-8441","post","type-post","status-publish","format-standard","has-post-thumbnail","hentry","category-noticias"],"_links":{"self":[{"href":"https:\/\/vicerrectorias.utp.edu.co\/responsabilidad-social\/wp-json\/wp\/v2\/posts\/8441","targetHints":{"allow":["GET"]}}],"collection":[{"href":"https:\/\/vicerrectorias.utp.edu.co\/responsabilidad-social\/wp-json\/wp\/v2\/posts"}],"about":[{"href":"https:\/\/vicerrectorias.utp.edu.co\/responsabilidad-social\/wp-json\/wp\/v2\/types\/post"}],"replies":[{"embeddable":true,"href":"https:\/\/vicerrectorias.utp.edu.co\/responsabilidad-social\/wp-json\/wp\/v2\/comments?post=8441"}],"version-history":[{"count":1,"href":"https:\/\/vicerrectorias.utp.edu.co\/responsabilidad-social\/wp-json\/wp\/v2\/posts\/8441\/revisions"}],"predecessor-version":[{"id":8792,"href":"https:\/\/vicerrectorias.utp.edu.co\/responsabilidad-social\/wp-json\/wp\/v2\/posts\/8441\/revisions\/8792"}],"wp:featuredmedia":[{"embeddable":true,"href":"https:\/\/vicerrectorias.utp.edu.co\/responsabilidad-social\/wp-json\/wp\/v2\/media\/60662"}],"wp:attachment":[{"href":"https:\/\/vicerrectorias.utp.edu.co\/responsabilidad-social\/wp-json\/wp\/v2\/media?parent=8441"}],"wp:term":[{"taxonomy":"category","embeddable":true,"href":"https:\/\/vicerrectorias.utp.edu.co\/responsabilidad-social\/wp-json\/wp\/v2\/categories?post=8441"},{"taxonomy":"post_tag","embeddable":true,"href":"https:\/\/vicerrectorias.utp.edu.co\/responsabilidad-social\/wp-json\/wp\/v2\/tags?post=8441"}],"curies":[{"name":"wp","href":"https:\/\/api.w.org\/{rel}","templated":true}]}}