{"id":8411,"date":"2022-06-15T09:45:49","date_gmt":"2022-06-15T07:45:49","guid":{"rendered":""},"modified":"2024-08-20T10:02:15","modified_gmt":"2024-08-20T08:02:15","slug":"llegaron-las-vacaciones-deportivas-y-recreativas","status":"publish","type":"post","link":"https:\/\/vicerrectorias.utp.edu.co\/responsabilidad-social\/llegaron-las-vacaciones-deportivas-y-recreativas\/","title":{"rendered":"Llegaron las Vacaciones Deportivas y Recreativas"},"content":{"rendered":"\n<p><span class=\"post-content__span\"> <strong>LLAGARON LAS VACACIONES<\/strong><\/p>\n\n\n\n<p><span class=\"post-content__span\"> La Vicerrector\u00eda de Responsabilidad Social y Bienestar Universitario invita a todos los docentes y administrativos de nuestra comunidad universitaria a participar, con sus ni\u00f1os y ni\u00f1as, del programa de <strong>vacaciones deportivas y recreativas en la UTP.<\/strong><\/p>\n\n\n\n<p><span class=\"post-content__span\"> Se tienen dos modalidades, la primera corresponde a la exploraci\u00f3n deportiva y va dirigido a ni\u00f1os entre los 5 a los 12 a\u00f1os y la segunda modalidad es la iniciaci\u00f3n deportiva que va dirigido\u00a0 a los jovenes entre los 13 y 15 a\u00f1os.<\/p>\n\n\n\n<p><span class=\"post-content__span\"> <\/p>\n\n\n\n<div class=\"wp-block-columns is-layout-flex wp-container-core-columns-is-layout-9d6595d7 wp-block-columns-is-layout-flex\">\n<div class=\"wp-block-column is-layout-flow wp-block-column-is-layout-flow\">\n<figure class=\"wp-block-image\"><img decoding=\"async\" src=\"https:\/\/media2.utp.edu.co\/imagenes\/WhatsApp%20Image%202022-06-14%20at%206.53.20%20PM.jpeg\" alt=\"\"\/><\/figure>\n<\/div>\n\n\n\n<div class=\"wp-block-column is-layout-flow wp-block-column-is-layout-flow\">\n<figure class=\"wp-block-image\"><img decoding=\"async\" src=\"https:\/\/media2.utp.edu.co\/imagenes\/WhatsApp%20Image%202022-06-14%20at%2012.14.40%20PM(1).jpeg\" alt=\"\"\/><\/figure>\n<\/div>\n<\/div>\n\n\n\n<p><span class=\"post-content__span\"> <span><strong>No te quedes por fuera, realiza tu pago <\/strong><\/span><\/p>\n\n\n\n<p><span class=\"post-content__span\"> <span><a href=\"https:\/\/forms.gle\/NnknnhLP6FVNZdWj7\"><strong>&nbsp;Inscr\u00edbete aqu\u00ed<\/strong><\/a><\/span><\/p>\n\n\n\n<p><span class=\"post-content__span\"> <span><strong>Tenemos cupos limitados.<\/strong><\/span><\/p>\n","protected":false},"excerpt":{"rendered":"<p>LLAGARON LAS VACACIONES La Vicerrector\u00eda de Responsabilidad Social y Bienestar Universitario invita a todos los docentes y administrativos de nuestra [&hellip;]<\/p>\n","protected":false},"author":0,"featured_media":60659,"comment_status":"closed","ping_status":"closed","sticky":false,"template":"","format":"standard","meta":{"footnotes":""},"categories":[3],"tags":[],"class_list":["post-8411","post","type-post","status-publish","format-standard","has-post-thumbnail","hentry","category-noticias"],"_links":{"self":[{"href":"https:\/\/vicerrectorias.utp.edu.co\/responsabilidad-social\/wp-json\/wp\/v2\/posts\/8411","targetHints":{"allow":["GET"]}}],"collection":[{"href":"https:\/\/vicerrectorias.utp.edu.co\/responsabilidad-social\/wp-json\/wp\/v2\/posts"}],"about":[{"href":"https:\/\/vicerrectorias.utp.edu.co\/responsabilidad-social\/wp-json\/wp\/v2\/types\/post"}],"replies":[{"embeddable":true,"href":"https:\/\/vicerrectorias.utp.edu.co\/responsabilidad-social\/wp-json\/wp\/v2\/comments?post=8411"}],"version-history":[{"count":2,"href":"https:\/\/vicerrectorias.utp.edu.co\/responsabilidad-social\/wp-json\/wp\/v2\/posts\/8411\/revisions"}],"predecessor-version":[{"id":61178,"href":"https:\/\/vicerrectorias.utp.edu.co\/responsabilidad-social\/wp-json\/wp\/v2\/posts\/8411\/revisions\/61178"}],"wp:featuredmedia":[{"embeddable":true,"href":"https:\/\/vicerrectorias.utp.edu.co\/responsabilidad-social\/wp-json\/wp\/v2\/media\/60659"}],"wp:attachment":[{"href":"https:\/\/vicerrectorias.utp.edu.co\/responsabilidad-social\/wp-json\/wp\/v2\/media?parent=8411"}],"wp:term":[{"taxonomy":"category","embeddable":true,"href":"https:\/\/vicerrectorias.utp.edu.co\/responsabilidad-social\/wp-json\/wp\/v2\/categories?post=8411"},{"taxonomy":"post_tag","embeddable":true,"href":"https:\/\/vicerrectorias.utp.edu.co\/responsabilidad-social\/wp-json\/wp\/v2\/tags?post=8411"}],"curies":[{"name":"wp","href":"https:\/\/api.w.org\/{rel}","templated":true}]}}