{"id":8391,"date":"2022-05-13T14:08:25","date_gmt":"2022-05-13T12:08:25","guid":{"rendered":""},"modified":"2024-08-15T15:52:28","modified_gmt":"2024-08-15T13:52:28","slug":"convocatoria-2022-2-becas-fundacion-bancolombia","status":"publish","type":"post","link":"https:\/\/vicerrectorias.utp.edu.co\/responsabilidad-social\/convocatoria-2022-2-becas-fundacion-bancolombia\/","title":{"rendered":"CONVOCATORIA 2022-2 BECAS FUNDACI\u00d3N BANCOLOMBIA"},"content":{"rendered":"\n<p><span class=\"post-content__span\"> <span><strong>CONVOCATORIA 2022-2 BECAS FUNDACI\u00d3N BANCOLOMBIA<\/strong><\/span><\/p>\n\n\n\n<p><span class=\"post-content__span\"> <span><strong>DIRIGIDO A ESTUDIANTES DE ZONAS RURALES DE ESTRATOS 1,2 y 3<\/strong><\/span><\/p>\n\n\n\n<p><span class=\"post-content__span\"> <span><strong>\u00bfC\u00d3MO ES EL PROCESO DE POSTULACI\u00d3N?<\/strong><\/span><\/p>\n\n\n\n<ol class=\"wp-block-list\"><li>\n<p><span class=\"post-content__span\"> <span>Postulaci\u00f3n entre el 2 de mayo y el 5 de junio pueden postularse diligenciando este formulario inicial aqu\u00ed:&nbsp;<a href=\"https:\/\/lumni.typeform.com\/to\/XYMXBAOP\">https:\/\/lumni.typeform.com\/to\/XYMXBAOP<\/a>. Si cumplen con los requisitos m\u00ednimos, recibir\u00e1n instrucciones y acceso al formulario de postulaci\u00f3n y recolecci\u00f3n de documentos de soporte durante la vigencia convocatoria. Ambos deben diligenciarse en ese rango de fechas.<\/span><\/p>\n<\/li><li>\n<p><span class=\"post-content__span\"> <span>&nbsp;Presentaci\u00f3n de pruebas y video (del 8 de junio al 16 de junio): quienes sean preseleccionados, recibir\u00e1n una notificaci\u00f3n para adelantar una prueba de manera virtual y enviar video de postulaci\u00f3n. En este per\u00edodo los evaluadores se podr\u00e1n contactar en caso de que haya errores en los documentos adjuntos al momento de la postulaci\u00f3n.<\/span><\/p>\n<\/li><li>\n<p><span class=\"post-content__span\"> <span>Entrevistas y revisi\u00f3n de documentos (entre el 20 junio y el 1\u00b0 de julio) quienes contin\u00faen en esta etapa, estar\u00e1n siendo contactados para adelantar entrevista.<\/span><\/p>\n<\/li><li>\n<p><span class=\"post-content__span\"> <span>Anuncio de aspirantes seleccionados (8 de julio): En caso de ser seleccionado, recibir\u00e1n una notificaci\u00f3n para iniciar el proceso de legalizaci\u00f3n de matr\u00edcula.<\/span><\/p>\n<\/li><\/ol>\n\n\n\n<p><span class=\"post-content__span\"> <span><strong>CONDICIONES<\/strong>:<\/span><\/p>\n\n\n\n<p><span class=\"post-content__span\"> <span>Que demuestren inter\u00e9s en impactar a su poblaci\u00f3n de origen o residencia y aportar al desarrollo de comunidad y\/o municipio desde los conocimientos y habilidades adquiridos en sus estudios de educaci\u00f3n superior.<\/span><\/p>\n\n\n\n<p><span class=\"post-content__span\"> <span>\u00b7&nbsp;&nbsp;&nbsp;&nbsp;&nbsp;&nbsp; J\u00f3venes hasta los 28 a\u00f1os de edad<\/span><\/p>\n\n\n\n<p><span class=\"post-content__span\"> <span>\u00b7&nbsp;&nbsp;&nbsp;&nbsp;&nbsp;&nbsp; Que demuestren restricciones econ\u00f3micas para el acceso a educaci\u00f3n superior.<\/span><\/p>\n\n\n\n<p><span class=\"post-content__span\"> <span>\u00b7&nbsp;&nbsp;&nbsp;&nbsp;&nbsp;&nbsp; Cualidades personales sobresalientes y de liderazgo<\/span><\/p>\n\n\n\n<p><span class=\"post-content__span\"> <span>\u00b7&nbsp;&nbsp;&nbsp;&nbsp;&nbsp;&nbsp; Preferiblemente que hagan parte de la primera generaci\u00f3n de su familia que accede a educaci\u00f3n superior.<\/span><\/p>\n\n\n\n<p><span class=\"post-content__span\"> <span>\u00b7&nbsp;&nbsp;&nbsp;&nbsp;&nbsp;&nbsp; Para los estudiantes que ya se encuentran cursando la carrera y aplican para poder finalizar sus estudios, tiene como requisito un promedio acumulado superior a 3.8<\/span><\/p>\n\n\n\n<p><span class=\"post-content__span\"> <span>\u00b7&nbsp;&nbsp;&nbsp;&nbsp;&nbsp;&nbsp; El aspirante no puede recibir, una vez ingrese a este programa, beca destinada al pago de matr\u00edcula<\/span><\/p>\n\n\n\n<p><span class=\"post-content__span\"> <span>\u00b7&nbsp;&nbsp;&nbsp;&nbsp;&nbsp;&nbsp; No presentar conflicto de inter\u00e9s con el Grupo Bancolombia por ser familiar en primer grado (hijo, hija, esposo, esposa) de un colaborador del Grupo Bancolombia.<\/span><\/p>\n\n\n\n<p><span class=\"post-content__span\"> <span>\u00b7&nbsp;&nbsp;&nbsp;&nbsp;&nbsp;&nbsp; Es un requisito de permanencia general, no ser sancionado y\/o condenado por la violaci\u00f3n de cualquier disposici\u00f3n normativa o encontrarse relacionado con alguna pr\u00e1ctica indebida como lo son el lavado de activos o la corrupci\u00f3n, durante el tiempo en que se encuentre participando en el programa.<\/span><\/p>\n\n\n\n<p><span class=\"post-content__span\"> <span><strong>\u00bfQU\u00c9 FINANCIA ESTE FONDO?<\/strong><\/span><\/p>\n\n\n\n<p><span class=\"post-content__span\"> <span>Mientras est\u00e9n estudiando el fondo se encarga de pagar los costos de matr\u00edcula de carrera y acceder a un fondo de manutenci\u00f3n con desembolsos semestrales ($2.250.000 para 2022) para cubrir los gastos que generan los estudios. Al final de la carrera podr\u00e1n, una vez se grad\u00faen, obtener la beca por:<\/span><\/p>\n\n\n\n<p><span class=\"post-content__span\"> <span>\u00b7&nbsp;&nbsp;&nbsp;&nbsp;&nbsp;&nbsp; 100% del monto adeudado por concepto de matr\u00edcula.<\/span><\/p>\n\n\n\n<p><span class=\"post-content__span\"> <span>\u00b7&nbsp;&nbsp;&nbsp;&nbsp;&nbsp;&nbsp; 50% del monto adeudado por concepto de manutenci\u00f3n.<\/span><\/p>\n\n\n\n<p><span class=\"post-content__span\"> <span>\u00b7&nbsp;&nbsp;&nbsp;&nbsp;&nbsp;&nbsp; % adicional de condonaci\u00f3n sobre monto adeudado por concepto de manutenci\u00f3n sujeto a condiciones de promedio acad\u00e9mico, investigaci\u00f3n, emprendimiento, voluntariado, entre otros.<\/span><\/p>\n\n\n\n<p><span class=\"post-content__span\"> <span><strong>REQUISITOS DE PERMANENCIA EN EL FONDO<\/strong>:<\/span><\/p>\n\n\n\n<ul class=\"wp-block-list\"><li>\n<p><span class=\"post-content__span\"> <span>Mantener un promedio m\u00ednimo de 3.5 semestralmente.<\/span><\/p>\n<\/li><li>\n<p><span class=\"post-content__span\"> <span>No perder cuatro o m\u00e1s materias en el desarrollo de todo su programa.<\/span><\/p>\n<\/li><li>\n<p><span class=\"post-content__span\"> <span>Inscribir matr\u00edcula completa y cursar m\u00ednimo 15 cr\u00e9ditos de su programa acad\u00e9mico.<\/span><\/p>\n<\/li><li>\n<p><span class=\"post-content__span\"> <span>Pagar cuotas de \u201ccultura de pago\u201d ($34.000) ajustadas anualmente al IPC, y realizar los pagos los primeros ocho d\u00edas corridos de cada mes los 12 meses del a\u00f1o.<\/span><\/p>\n<\/li><li>\n<p><span class=\"post-content__span\"> <span>Desarrollo del 100% las actividades de formaci\u00f3n complementaria dispuestas para cada semestre.<\/span><\/p>\n<\/li><li>\n<p><span class=\"post-content__span\"> <span>Cumplir con las sesiones de acompa\u00f1amiento programadas semestralmente.<\/span><\/p>\n<\/li><li>\n<p><span class=\"post-content__span\"> <span>Cumplir el reglamento universitario.<\/span><\/p>\n<\/li><li>\n<p><span class=\"post-content__span\"> <span>Aplazar m\u00e1ximo dos semestres bien sean consecutivos o no consecutivos.<\/span><\/p>\n<\/li><li>\n<p><span class=\"post-content__span\"> <span>No ser sancionado y\/o condenado por la violaci\u00f3n de cualquier disposici\u00f3n normativa o encontrarse relacionado con alguna pr\u00e1ctica indebida como lo son el lavado de activos o la corrupci\u00f3n, durante el tiempo en que se encuentre participando en el programa.<\/span><\/p>\n<\/li><\/ul>\n\n\n\n<figure class=\"wp-block-image\"><img decoding=\"async\" src=\"https:\/\/lh5.googleusercontent.com\/K3QkmXn6vRIFqpacdHq8IIrPGSvtDrvw4XFn7Jol5idy5c5m3SbI0pOe8T-OPGay9x7Nkekyx-YYJc0-deUacxZgI-JBQIRYTyfC_VJwctfLvP1G7QD1-TX5gg5t4tHa5LrgirWlbs-DS3kCdw\" alt=\"\"\/><\/figure>\n\n\n\n<p><span class=\"post-content__span\"> <strong>CARRERAS DE LA UTP QUE APLICAN<\/strong><\/p>\n\n\n\n<div dir=\"ltr\">\n<table>\n<tbody>\n<tr>\n<td>\n<p dir=\"ltr\"><span>TECNOLOGIA INDUSTRIAL<\/span><\/p>\n<\/td>\n<\/tr>\n<tr>\n<td>\n<p dir=\"ltr\"><span>TECNOLOG\u00cdA QU\u00cdMICA<\/span><\/p>\n<\/td>\n<\/tr>\n<tr>\n<td>\n<p dir=\"ltr\"><span>LICENCIATURA EN MATEMATICAS Y FISICA<\/span><\/p>\n<\/td>\n<\/tr>\n<tr>\n<td>\n<p dir=\"ltr\"><span>INGENIER\u00cdA DE SISTEMAS Y COMPUTACI\u00d3N<\/span><\/p>\n<\/td>\n<\/tr>\n<tr>\n<td>\n<p dir=\"ltr\"><span>INGENIER\u00cdA EL\u00c9CTRICA<\/span><\/p>\n<\/td>\n<\/tr>\n<tr>\n<td>\n<p dir=\"ltr\"><span>INGENIER\u00cdA INDUSTRIAL<\/span><\/p>\n<\/td>\n<\/tr>\n<tr>\n<td>\n<p dir=\"ltr\"><span>INGENIER\u00cdA F\u00cdSICA<\/span><\/p>\n<\/td>\n<\/tr>\n<tr>\n<td>\n<p dir=\"ltr\"><span>QU\u00cdMICA INDUSTRIAL<\/span><\/p>\n<\/td>\n<\/tr>\n<tr>\n<td>\n<p dir=\"ltr\"><span>ADMINISTRACI\u00d3N INDUSTRIAL<\/span><\/p>\n<\/td>\n<\/tr>\n<tr>\n<td>\n<p dir=\"ltr\"><span>INGENIER\u00cdA ELECTR\u00d3NICA<\/span><\/p>\n<\/td>\n<\/tr>\n<tr>\n<td>\n<p dir=\"ltr\"><span>LICENCIATURA EN ETNOEDUCACI\u00d3N Y DESARROLLO COMUNITARIO<\/span><\/p>\n<\/td>\n<\/tr>\n<tr>\n<td>\n<p dir=\"ltr\"><span>INGENIER\u00cdA MECATR\u00d3NICA<\/span><\/p>\n<\/td>\n<\/tr>\n<tr>\n<td>\n<p dir=\"ltr\"><span>MEDICINA VETERINARIA Y ZOOTECNIA<\/span><\/p>\n<\/td>\n<\/tr>\n<tr>\n<td>\n<p dir=\"ltr\"><span>T\u00c9CNICA PROFESIONAL EN PROCESOS DEL TURISMO SOSTENIBLE<\/span><\/p>\n<\/td>\n<\/tr>\n<tr>\n<td>\n<p dir=\"ltr\"><span>TECNOLOG\u00cdA EN GESTI\u00d3N DEL TURISMO SOSTENIBLE<\/span><\/p>\n<\/td>\n<\/tr>\n<tr>\n<td>\n<p dir=\"ltr\"><span>ADMINISTRACI\u00d3N DEL TURISMO SOSTENIBLE<\/span><\/p>\n<\/td>\n<\/tr>\n<tr>\n<td>\n<p dir=\"ltr\"><span>TECNOLOG\u00cdA EL\u00c9CTRICA<\/span><\/p>\n<\/td>\n<\/tr>\n<tr>\n<td>\n<p dir=\"ltr\"><span>ADMINISTRACI\u00d3N AMBIENTAL<\/span><\/p>\n<\/td>\n<\/tr>\n<tr>\n<td>\n<p dir=\"ltr\"><span>INGENIER\u00cdA EN PROCESOS SOSTENIBLES DE LAS MADERAS<\/span><\/p>\n<\/td>\n<\/tr>\n<tr>\n<td>\n<p dir=\"ltr\"><span>INGENIER\u00cdA EN PROCESOS AGROINDUSTRIALES<\/span><\/p>\n<\/td>\n<\/tr>\n<tr>\n<td>\n<p dir=\"ltr\"><span>INGENIER\u00cdA DE MANUFACTURA<\/span><\/p>\n<\/td>\n<\/tr>\n<tr>\n<td>\n<p dir=\"ltr\"><span>LICENCIATURA EN ETNOEDUCACI\u00d3N<\/span><\/p>\n<\/td>\n<\/tr>\n<tr>\n<td>\n<p dir=\"ltr\"><span>LICENCIATURA EN BILING\u00dcISMO CON \u00c9NFASIS EN INGL\u00c9S<\/span><\/p>\n<\/td>\n<\/tr>\n<tr>\n<td>\n<p dir=\"ltr\"><span>TECNOLOG\u00cdA EN DESARROLLO DE SOFTWARE<\/span><\/p>\n<\/td>\n<\/tr>\n<tr>\n<td>\n<p dir=\"ltr\"><span>TECNOLOG\u00cdA EN PRODUCCI\u00d3N HORT\u00cdCOLA<\/span><\/p>\n<\/td>\n<\/tr>\n<tr>\n<td>\n<p dir=\"ltr\"><span>LICENCIATURA EN EDUCACI\u00d3N B\u00c1SICA PRIMARIA<\/span><\/p>\n<\/td>\n<\/tr>\n<tr>\n<td>\n<p dir=\"ltr\"><span>LICENCIATURA EN TECNOLOG\u00cdA<\/span><\/p>\n<\/td>\n<\/tr>\n<tr>\n<td>\n<p dir=\"ltr\"><span>TECNOLOG\u00cdA EN PRODUCCI\u00d3N FORESTAL<\/span><\/p>\n<\/td>\n<\/tr>\n<tr>\n<td>\n<p dir=\"ltr\"><span>LICENCIATURA EN EDUCACI\u00d3N INFANTIL<\/span><\/p>\n<\/td>\n<\/tr>\n<tr>\n<td>\n<p dir=\"ltr\"><span>ADMINISTRACI\u00d3N DE EMPRESAS<\/span><\/p>\n<\/td>\n<\/tr>\n<tr>\n<td>\n<p dir=\"ltr\"><span>LICENCIATURA EN CIENCIAS SOCIALES<\/span><\/p>\n<\/td>\n<\/tr>\n<\/tbody>\n<\/table>\n<\/div>\n\n\n\n<div>\n<div>&nbsp;<\/div>\n<figure><img decoding=\"async\" src=\"https:\/\/lh3.googleusercontent.com\/WzeL2eYV-19RhvHOTjCX0uNJKRa79WWsjCtanJdmy4E7Wwg1NHzgUQRWmAVJseWt-E1apoEmZ7hB26VI1_1G_owIMifweaZzWdBRrIxE4VaZVNh9lk1TO7zws5cq2M30nW-sP2dnuB8jD0V82g\"><\/figure><div><span><\/span><\/div>\n<div>\n<p dir=\"ltr\"><strong>MAYORES INFORMES UTP<\/strong><\/p>\n<p dir=\"ltr\"><span>Asesor\u00eda y acompa\u00f1amiento en este proceso de postulaci\u00f3n&nbsp;<\/span><\/p>\n<p dir=\"ltr\"><span>segundo piso del Edificio 2 UTP &#8211; Oficinas 4 y 7<\/span><\/p>\n<p dir=\"ltr\"><span>Horario de atenci\u00f3n de Lunes a Viernes de 8:00 am a 12 m y de 2:00 a 6 pm<\/span><\/p>\n<p dir=\"ltr\"><span>Profesionales Mar\u00eda Fernanda Grajales Acevedo y Luz Amparo Orozco Amaya.<\/span><\/p>\n<p dir=\"ltr\">&nbsp;<\/p>\n<p dir=\"ltr\"><strong>MAYORES INFORMES A NIVEL NACIONAL<\/strong><\/p>\n<p dir=\"ltr\"><span>P\u00e1gina web:&nbsp;<\/span><a href=\"https:\/\/www.convocatorias.lumni.net\/fundacion-bancolombia\"><span>https:\/\/www.convocatorias.lumni.net\/fundacion-bancolombia<\/span><\/a><\/p>\n<p><span class=\"post-content__span\"> <span>Correo electr\u00f3nico:&nbsp;<\/span><a href=\"mailto:convocatorias@lumni.net\"><span>convocatorias@lumni.net<\/span><\/a><\/p>\n<\/div>\n<\/div>\n","protected":false},"excerpt":{"rendered":"<p>CONVOCATORIA 2022-2 BECAS FUNDACI\u00d3N BANCOLOMBIA DIRIGIDO A ESTUDIANTES DE ZONAS RURALES DE ESTRATOS 1,2 y 3 \u00bfC\u00d3MO ES EL PROCESO [&hellip;]<\/p>\n","protected":false},"author":0,"featured_media":60657,"comment_status":"closed","ping_status":"closed","sticky":false,"template":"","format":"standard","meta":{"footnotes":""},"categories":[3],"tags":[],"class_list":["post-8391","post","type-post","status-publish","format-standard","has-post-thumbnail","hentry","category-noticias"],"_links":{"self":[{"href":"https:\/\/vicerrectorias.utp.edu.co\/responsabilidad-social\/wp-json\/wp\/v2\/posts\/8391","targetHints":{"allow":["GET"]}}],"collection":[{"href":"https:\/\/vicerrectorias.utp.edu.co\/responsabilidad-social\/wp-json\/wp\/v2\/posts"}],"about":[{"href":"https:\/\/vicerrectorias.utp.edu.co\/responsabilidad-social\/wp-json\/wp\/v2\/types\/post"}],"replies":[{"embeddable":true,"href":"https:\/\/vicerrectorias.utp.edu.co\/responsabilidad-social\/wp-json\/wp\/v2\/comments?post=8391"}],"version-history":[{"count":1,"href":"https:\/\/vicerrectorias.utp.edu.co\/responsabilidad-social\/wp-json\/wp\/v2\/posts\/8391\/revisions"}],"predecessor-version":[{"id":8797,"href":"https:\/\/vicerrectorias.utp.edu.co\/responsabilidad-social\/wp-json\/wp\/v2\/posts\/8391\/revisions\/8797"}],"wp:featuredmedia":[{"embeddable":true,"href":"https:\/\/vicerrectorias.utp.edu.co\/responsabilidad-social\/wp-json\/wp\/v2\/media\/60657"}],"wp:attachment":[{"href":"https:\/\/vicerrectorias.utp.edu.co\/responsabilidad-social\/wp-json\/wp\/v2\/media?parent=8391"}],"wp:term":[{"taxonomy":"category","embeddable":true,"href":"https:\/\/vicerrectorias.utp.edu.co\/responsabilidad-social\/wp-json\/wp\/v2\/categories?post=8391"},{"taxonomy":"post_tag","embeddable":true,"href":"https:\/\/vicerrectorias.utp.edu.co\/responsabilidad-social\/wp-json\/wp\/v2\/tags?post=8391"}],"curies":[{"name":"wp","href":"https:\/\/api.w.org\/{rel}","templated":true}]}}