{"id":8361,"date":"2022-03-18T13:20:28","date_gmt":"2022-03-18T12:20:28","guid":{"rendered":""},"modified":"2024-08-15T15:52:28","modified_gmt":"2024-08-15T13:52:28","slug":"el-mes-de-marzo-ya-tiene-cobertura-alimenticia","status":"publish","type":"post","link":"https:\/\/vicerrectorias.utp.edu.co\/responsabilidad-social\/el-mes-de-marzo-ya-tiene-cobertura-alimenticia\/","title":{"rendered":"El mes de marzo ya tiene cobertura alimenticia."},"content":{"rendered":"\n<p><span class=\"post-content__span\"> <span><strong>BONO ALIMENTICIO<\/strong><\/span><\/p>\n\n\n\n<p><span class=\"post-content__span\"> <span>Desde la Vicerrector\u00eda de Responsabilidad Social y Bienestar Universitario, se le informa a la comunidad universitaria que debido a la intermitencia en el centro de datos de la UTP,&nbsp; reportada el 16 de marzo del 2022 desde Gesti\u00f3n de Tecnolog\u00edas Inform\u00e1ticas y Sistemas de Informaci\u00f3n, se ha visto afectado el giro completo del recurso econ\u00f3mico para los estudiantes apoyados por el bono de alimentaci\u00f3n; no obstante, se realizaron unas gestiones y se logro que el d\u00eda 17 de marzo del 2022 se realizara un adelanto al apoyo de alimentaci\u00f3n por la suma de cien mil pesos ($100.000);&nbsp; una vez, Gesti\u00f3n de Tecnolog\u00edas Inform\u00e1ticas y Sistemas generen la soluci\u00f3n de las dificultades en el sistema, se giraran los cuarenta mil pesos ($40.000) restantes a cada estudiante.<\/span><\/p>\n","protected":false},"excerpt":{"rendered":"<p>BONO ALIMENTICIO Desde la Vicerrector\u00eda de Responsabilidad Social y Bienestar Universitario, se le informa a la comunidad universitaria que debido [&hellip;]<\/p>\n","protected":false},"author":0,"featured_media":60654,"comment_status":"closed","ping_status":"closed","sticky":false,"template":"","format":"standard","meta":{"footnotes":""},"categories":[3],"tags":[],"class_list":["post-8361","post","type-post","status-publish","format-standard","has-post-thumbnail","hentry","category-noticias"],"_links":{"self":[{"href":"https:\/\/vicerrectorias.utp.edu.co\/responsabilidad-social\/wp-json\/wp\/v2\/posts\/8361","targetHints":{"allow":["GET"]}}],"collection":[{"href":"https:\/\/vicerrectorias.utp.edu.co\/responsabilidad-social\/wp-json\/wp\/v2\/posts"}],"about":[{"href":"https:\/\/vicerrectorias.utp.edu.co\/responsabilidad-social\/wp-json\/wp\/v2\/types\/post"}],"replies":[{"embeddable":true,"href":"https:\/\/vicerrectorias.utp.edu.co\/responsabilidad-social\/wp-json\/wp\/v2\/comments?post=8361"}],"version-history":[{"count":1,"href":"https:\/\/vicerrectorias.utp.edu.co\/responsabilidad-social\/wp-json\/wp\/v2\/posts\/8361\/revisions"}],"predecessor-version":[{"id":8801,"href":"https:\/\/vicerrectorias.utp.edu.co\/responsabilidad-social\/wp-json\/wp\/v2\/posts\/8361\/revisions\/8801"}],"wp:featuredmedia":[{"embeddable":true,"href":"https:\/\/vicerrectorias.utp.edu.co\/responsabilidad-social\/wp-json\/wp\/v2\/media\/60654"}],"wp:attachment":[{"href":"https:\/\/vicerrectorias.utp.edu.co\/responsabilidad-social\/wp-json\/wp\/v2\/media?parent=8361"}],"wp:term":[{"taxonomy":"category","embeddable":true,"href":"https:\/\/vicerrectorias.utp.edu.co\/responsabilidad-social\/wp-json\/wp\/v2\/categories?post=8361"},{"taxonomy":"post_tag","embeddable":true,"href":"https:\/\/vicerrectorias.utp.edu.co\/responsabilidad-social\/wp-json\/wp\/v2\/tags?post=8361"}],"curies":[{"name":"wp","href":"https:\/\/api.w.org\/{rel}","templated":true}]}}