{"id":8341,"date":"2022-03-08T15:29:47","date_gmt":"2022-03-08T14:29:47","guid":{"rendered":""},"modified":"2024-08-15T15:52:29","modified_gmt":"2024-08-15T13:52:29","slug":"convocatoria-becas-talento-estudiantes-2022-1","status":"publish","type":"post","link":"https:\/\/vicerrectorias.utp.edu.co\/responsabilidad-social\/convocatoria-becas-talento-estudiantes-2022-1\/","title":{"rendered":"Convocatoria Becas Talento estudiantes 2022-1"},"content":{"rendered":"\n<p><span class=\"post-content__span\"> <span><strong>Convocatoria Becas Talento estudiantes 2022-1<\/strong><\/span><\/p>\n\n\n\n<p><span class=\"post-content__span\"> <span>La Vicerrector\u00eda de Responsabilidad Social y Bienestar Universitario de la UTP, abre la convocatoria para 23 nuevos cupos en el programa&nbsp;<strong>BECAS TALENTO<\/strong>&nbsp;otorgadas por las entidades:&nbsp;<strong>PENTAGRAMA, GERENCIAR y CORPORACI\u00d3N BANCO DE BOGOT\u00c1<\/strong>. En este programa los empresarios le aportan al desarrollo de la Regi\u00f3n a trav\u00e9s de la educaci\u00f3n superior, apoyando el sostenimiento de un joven talento universitario.<\/span><\/p>\n\n\n\n<figure class=\"wp-block-image\"><img decoding=\"async\" src=\"https:\/\/media2.utp.edu.co\/imagenes\/WhatsApp%20Image%202022-03-08%20at%208.41.28%20AM.jpeg\" alt=\"\"\/><\/figure>\n\n\n\n<p><span class=\"post-content__span\"> <span><strong>Requisitos del programa becas talento UTP:<\/strong>&nbsp;<\/span><\/p>\n\n\n\n<ul class=\"wp-block-list\"><li><span>Ser estudiante activo de la Universidad Tecnol\u00f3gica de Pereira en programas de jornada regular<\/span><\/li><li><span>Haber matriculado durante su proceso de formaci\u00f3n el total de los cr\u00e9ditos correspondientes a cada semestre cursado.<\/span><\/li><li><span>Tener un promedio del semestre inmediatamente anterior y acumulado de carrera de 4.0 o superior.<\/span><\/li><li><span>Estar cursando entre cuarto y noveno semestre en alguna de las carreras profesionales y tercer semestre o m\u00e1s si cursa una Tecnolog\u00eda.<\/span><\/li><li><span>Pertenecer a los estratos sociales 1, 2<\/span><\/li><li><span>No contar con becas otorgadas por otras instancias para adelantar sus estudios.<\/span><\/li><li><span>Tener una experiencia social significativa<\/span><\/li><\/ul>\n\n\n\n<p><span class=\"post-content__span\"> <span><strong>Beneficios que otorga la Beca<\/strong><\/span><\/p>\n\n\n\n<ul class=\"wp-block-list\"><li><span>Pago del 100% del valor de la matr\u00edcula desde el semestre que se otorgas la beca hasta terminar el proceso de formaci\u00f3n, conforme al tiempo establecido por el programa acad\u00e9mico para obtener el t\u00edtulo Profesional o tecnol\u00f3gico.<\/span><\/li><li><span>Apoyo mensual en efectivo para solventar algunos gastos de estudio por semestre.<\/span><\/li><li><span>Diplomado en Responsabilidad social y capacitaciones espec\u00edficas orientadas al fortalecimiento de algunas competencias para la vida, entre ellas el liderazgo.<\/span><\/li><li><span>Acompa\u00f1amiento integral en su proceso de formaci\u00f3n, conforme a necesidades propias de cada estudiante.<\/span><\/li><\/ul>\n\n\n\n<p><span class=\"post-content__span\"> <span><strong>Deberes:<\/strong><\/span><\/p>\n\n\n\n<ul class=\"wp-block-list\"><li><span>Mantener un alto rendimiento acad\u00e9mico durante el tiempo que se otorga la Beca, con un promedio m\u00ednimo de 4.0 y matriculando todas las materias que correspondan al semestre completo de evoluci\u00f3n.&nbsp;<\/span><\/li><li><span>Cumplir con el Diplomado de Responsabilidad Social con la misma dedicaci\u00f3n y rigurosidad de la academia, as\u00ed como los dem\u00e1s temas de capacitaci\u00f3n que se brinden orientadas al fortalecimiento de competencias para la vida.<\/span><\/li><li><span>Entregar en f\u00edsico el d\u00eda 20 de cada mes a la secretaria de la Vicerrector\u00eda de Responsabilidad Social y Bienestar Universitario, los formatos que se asignan para la firma de los docentes, con el fin de acreditar el cumplimiento de sus compromisos acad\u00e9micos.<\/span><\/li><\/ul>\n\n\n\n<p><span class=\"post-content__span\"> <span><strong>Sanciones:<\/strong><\/span><\/p>\n\n\n\n<ul class=\"wp-block-list\"><li><span>Se perder\u00e1 el derecho a continuar en el programa por p\u00e9rdida del semestre, por obtener un promedio acad\u00e9mico inferior a 4.0; cambio de programa acad\u00e9mico, cancelaci\u00f3n de semestre o por incumplir con cualquiera de los requisitos acad\u00e9micos establecidos por el programa.&nbsp;<\/span><\/li><li><span>El estudiante que no cumpla con los requisitos del proceso de formaci\u00f3n, no podr\u00e1 continuar en el programa, ni podr\u00e1 acceder a otros programas de apoyo ofertados por la instituci\u00f3n.<\/span><\/li><li><span>La Universidad podr\u00e1 hacer seguimiento en cualquier momento a los estudiantes becados, para verificar la informaci\u00f3n y documentaci\u00f3n integradas. Si se encuentra alguna inconsistencia se proceder\u00e1 con las sanciones de acuerdo a la falta, estipuladas en el reglamento estudiantil.&nbsp;<\/span><\/li><\/ul>\n\n\n\n<p><span class=\"post-content__span\"> <span><strong>Tener en cuenta:<\/strong><\/span><\/p>\n\n\n\n<ul class=\"wp-block-list\"><li><span>Se tendr\u00e1 en cuenta como experiencias sociales significativas, las participaciones previas que haya tenido el estudiante que se postula a la Beca, en procesos sociales, culturales, deportivos, de desarrollo cient\u00edfico; entre otros que se consideren aportan significativamente al desarrollo socialmente responsable, ambientalmente sustentable y econ\u00f3micamente sostenible.<\/span><\/li><li><span>Las inscripciones estar\u00e1n abiertas desde el 8 de marzo a las 8:00 am al 18 de marzo de 2022 a las 12:00 am<\/span><\/li><li><span>La entrega de los resultados definitivos est\u00e1 planteada para el 12 de mayo de 2022, si hay alguna modificaci\u00f3n en esta fecha les estaremos comunicando.<\/span><\/li><\/ul>\n\n\n\n<p><span class=\"post-content__span\"> <a href=\"https:\/\/docs.google.com\/forms\/d\/1m5UAxil6yRtdbHzRBVAU4KDgMmH7RNFqOLFxrkgtAoM\/edit\"><span><strong>INSCR\u00cdBETE DANDO CLIC AQU\u00cd<\/strong><\/span><\/a><\/p>\n\n\n\n<p><span class=\"post-content__span\"> <span><strong>Mayores informes:<\/strong><\/span><\/p>\n\n\n\n<ul class=\"wp-block-list\"><li><span>Luz Amparo Orozco Amaya<\/span><\/li><li><span>Profesional Trabajo Social<\/span><\/li><li><span>Vicerrector\u00eda de Responsabilidad Social y Bienestar Universitario<\/span><\/li><li><span>Correo electr\u00f3nico: <a href=\"mailto:luzaorozco@utp.edu.co\">luzaorozco@utp.edu.co<\/a><\/span><\/li><\/ul>\n\n\n\n<ul class=\"wp-block-list\"><li><span>Mar\u00eda Paulina R\u00edos Gamboa<\/span><\/li><li><span>Profesional PAI<\/span><\/li><li><span>Vicerrector\u00eda de Responsabilidad Social y Bienestar Universitario<\/span><\/li><li><span>Correo electr\u00f3nico: <a href=\"mailto:maria.rios1@utp.edu.co\">maria.rios1@utp.edu.co<\/a><\/span><\/li><\/ul>\n\n\n\n<ul class=\"wp-block-list\"><li><span>Mar\u00eda Fernanda Grajales Acevedo<\/span><\/li><li><span>Profesional Gesti\u00f3n Estrat\u00e9gica<\/span><\/li><li><span>Vicerrector\u00eda de Responsabilidad Social y Bienestar Universitario<\/span><\/li><li><span>Correo electr\u00f3nico: <a href=\"mailto:mariaf@utp.edu.co\">mariaf@utp.edu.co<\/a><\/span><\/li><\/ul>\n","protected":false},"excerpt":{"rendered":"<p>Convocatoria Becas Talento estudiantes 2022-1 La Vicerrector\u00eda de Responsabilidad Social y Bienestar Universitario de la UTP, abre la convocatoria para [&hellip;]<\/p>\n","protected":false},"author":0,"featured_media":60652,"comment_status":"closed","ping_status":"closed","sticky":false,"template":"","format":"standard","meta":{"footnotes":""},"categories":[3],"tags":[],"class_list":["post-8341","post","type-post","status-publish","format-standard","has-post-thumbnail","hentry","category-noticias"],"_links":{"self":[{"href":"https:\/\/vicerrectorias.utp.edu.co\/responsabilidad-social\/wp-json\/wp\/v2\/posts\/8341","targetHints":{"allow":["GET"]}}],"collection":[{"href":"https:\/\/vicerrectorias.utp.edu.co\/responsabilidad-social\/wp-json\/wp\/v2\/posts"}],"about":[{"href":"https:\/\/vicerrectorias.utp.edu.co\/responsabilidad-social\/wp-json\/wp\/v2\/types\/post"}],"replies":[{"embeddable":true,"href":"https:\/\/vicerrectorias.utp.edu.co\/responsabilidad-social\/wp-json\/wp\/v2\/comments?post=8341"}],"version-history":[{"count":1,"href":"https:\/\/vicerrectorias.utp.edu.co\/responsabilidad-social\/wp-json\/wp\/v2\/posts\/8341\/revisions"}],"predecessor-version":[{"id":8804,"href":"https:\/\/vicerrectorias.utp.edu.co\/responsabilidad-social\/wp-json\/wp\/v2\/posts\/8341\/revisions\/8804"}],"wp:featuredmedia":[{"embeddable":true,"href":"https:\/\/vicerrectorias.utp.edu.co\/responsabilidad-social\/wp-json\/wp\/v2\/media\/60652"}],"wp:attachment":[{"href":"https:\/\/vicerrectorias.utp.edu.co\/responsabilidad-social\/wp-json\/wp\/v2\/media?parent=8341"}],"wp:term":[{"taxonomy":"category","embeddable":true,"href":"https:\/\/vicerrectorias.utp.edu.co\/responsabilidad-social\/wp-json\/wp\/v2\/categories?post=8341"},{"taxonomy":"post_tag","embeddable":true,"href":"https:\/\/vicerrectorias.utp.edu.co\/responsabilidad-social\/wp-json\/wp\/v2\/tags?post=8341"}],"curies":[{"name":"wp","href":"https:\/\/api.w.org\/{rel}","templated":true}]}}