{"id":8261,"date":"2022-02-09T13:46:29","date_gmt":"2022-02-09T12:46:29","guid":{"rendered":""},"modified":"2024-08-15T15:52:29","modified_gmt":"2024-08-15T13:52:29","slug":"apertura-modulos-estudiantiles","status":"publish","type":"post","link":"https:\/\/vicerrectorias.utp.edu.co\/responsabilidad-social\/apertura-modulos-estudiantiles\/","title":{"rendered":"Apertura M\u00f3dulos Estudiantiles"},"content":{"rendered":"\n<p><span class=\"post-content__span\"> <span><strong>M\u00f3dulos Estudiantiles<\/strong><\/span><\/p>\n\n\n\n<p><span class=\"post-content__span\"> ya inici\u00f3 el proceso de adjudicaci\u00f3n de los m\u00f3dulos estudiantiles que est\u00e1n ubicados a lo largo y ancho de la universidad, la Vicerrector\u00eda de Responsabilidad Social y Bienestar Universitario asumir\u00e1 a partir de este semestre la administraci\u00f3n de estos espacios que son una estrategia para apoyar social y econ\u00f3micamente a los estudiantes; los interesados en hacer uso de esta zona deben radicar su solicitud al correo electr\u00f3nico&nbsp;<a href=\"mailto:lazos@utp.edu.co\">lazos@utp.edu.co<\/a>&nbsp;antes del 20 de febrero, esta debe contener una propuesta de venta, justificar las causas por las que se est\u00e1 haciendo la solicitud y especificar los recursos con los que se cuenta.<\/p>\n\n\n\n<figure class=\"wp-block-image\"><img decoding=\"async\" src=\"https:\/\/media2.utp.edu.co\/imagenes\/WhatsApp%20Image%202022-02-03%20at%2010.27.53%20AM%20(1).jpeg\" alt=\"\"\/><\/figure>\n\n\n\n<p><span class=\"post-content__span\"> <strong>#SOMOVRSBU<\/strong><\/p>\n","protected":false},"excerpt":{"rendered":"<p>M\u00f3dulos Estudiantiles ya inici\u00f3 el proceso de adjudicaci\u00f3n de los m\u00f3dulos estudiantiles que est\u00e1n ubicados a lo largo y ancho [&hellip;]<\/p>\n","protected":false},"author":0,"featured_media":60644,"comment_status":"closed","ping_status":"closed","sticky":false,"template":"","format":"standard","meta":{"footnotes":""},"categories":[3],"tags":[],"class_list":["post-8261","post","type-post","status-publish","format-standard","has-post-thumbnail","hentry","category-noticias"],"_links":{"self":[{"href":"https:\/\/vicerrectorias.utp.edu.co\/responsabilidad-social\/wp-json\/wp\/v2\/posts\/8261","targetHints":{"allow":["GET"]}}],"collection":[{"href":"https:\/\/vicerrectorias.utp.edu.co\/responsabilidad-social\/wp-json\/wp\/v2\/posts"}],"about":[{"href":"https:\/\/vicerrectorias.utp.edu.co\/responsabilidad-social\/wp-json\/wp\/v2\/types\/post"}],"replies":[{"embeddable":true,"href":"https:\/\/vicerrectorias.utp.edu.co\/responsabilidad-social\/wp-json\/wp\/v2\/comments?post=8261"}],"version-history":[{"count":1,"href":"https:\/\/vicerrectorias.utp.edu.co\/responsabilidad-social\/wp-json\/wp\/v2\/posts\/8261\/revisions"}],"predecessor-version":[{"id":8812,"href":"https:\/\/vicerrectorias.utp.edu.co\/responsabilidad-social\/wp-json\/wp\/v2\/posts\/8261\/revisions\/8812"}],"wp:featuredmedia":[{"embeddable":true,"href":"https:\/\/vicerrectorias.utp.edu.co\/responsabilidad-social\/wp-json\/wp\/v2\/media\/60644"}],"wp:attachment":[{"href":"https:\/\/vicerrectorias.utp.edu.co\/responsabilidad-social\/wp-json\/wp\/v2\/media?parent=8261"}],"wp:term":[{"taxonomy":"category","embeddable":true,"href":"https:\/\/vicerrectorias.utp.edu.co\/responsabilidad-social\/wp-json\/wp\/v2\/categories?post=8261"},{"taxonomy":"post_tag","embeddable":true,"href":"https:\/\/vicerrectorias.utp.edu.co\/responsabilidad-social\/wp-json\/wp\/v2\/tags?post=8261"}],"curies":[{"name":"wp","href":"https:\/\/api.w.org\/{rel}","templated":true}]}}