{"id":8251,"date":"2022-02-05T11:00:29","date_gmt":"2022-02-05T10:00:29","guid":{"rendered":""},"modified":"2024-08-15T15:52:29","modified_gmt":"2024-08-15T13:52:29","slug":"encuesta-para-estudiantes-utp","status":"publish","type":"post","link":"https:\/\/vicerrectorias.utp.edu.co\/responsabilidad-social\/encuesta-para-estudiantes-utp\/","title":{"rendered":"Encuesta para estudiantes UTP"},"content":{"rendered":"\n<p><span class=\"post-content__span\"> <span><strong>RESOLUCI\u00d3N DE RECTOR\u00cdA 290 DEL 25 ENERO 2022<\/strong><\/span><\/p>\n\n\n\n<p><span class=\"post-content__span\"> <span>El \u00e1rea de Promoci\u00f3n de la Salud Integral invita a la comunidad universitaria a conocer la resoluci\u00f3n de rector\u00eda 290 del 25 de enero 2022 adem\u00e1s invita a los estudiantes a diligenciar la encuesta para estudiantes sintom\u00e1ticos y asintom\u00e1ticos Covid-19.<\/span><\/p>\n\n\n\n<figure class=\"wp-block-image\"><img decoding=\"async\" src=\"https:\/\/media2.utp.edu.co\/imagenes\/Resolucio%CC%81n%20Rectori%CC%81a.jpg\" alt=\"\"\/><\/figure>\n\n\n\n<p><span class=\"post-content__span\"> <strong><span>NO TE OLVIDES DE DILIGENCIAR LA ENCUESTA:<\/span><\/strong><\/p>\n\n\n\n<figure class=\"wp-block-image\"><img decoding=\"async\" src=\"https:\/\/media2.utp.edu.co\/imagenes\/Encuesta.jpg\" alt=\"\"\/><\/figure>\n\n\n\n<p><span class=\"post-content__span\"> <strong><span>#LARESPONSABILIDADESDETODOS<\/span><\/strong><\/p>\n","protected":false},"excerpt":{"rendered":"<p>RESOLUCI\u00d3N DE RECTOR\u00cdA 290 DEL 25 ENERO 2022 El \u00e1rea de Promoci\u00f3n de la Salud Integral invita a la comunidad [&hellip;]<\/p>\n","protected":false},"author":0,"featured_media":60643,"comment_status":"closed","ping_status":"closed","sticky":false,"template":"","format":"standard","meta":{"footnotes":""},"categories":[3],"tags":[],"class_list":["post-8251","post","type-post","status-publish","format-standard","has-post-thumbnail","hentry","category-noticias"],"_links":{"self":[{"href":"https:\/\/vicerrectorias.utp.edu.co\/responsabilidad-social\/wp-json\/wp\/v2\/posts\/8251","targetHints":{"allow":["GET"]}}],"collection":[{"href":"https:\/\/vicerrectorias.utp.edu.co\/responsabilidad-social\/wp-json\/wp\/v2\/posts"}],"about":[{"href":"https:\/\/vicerrectorias.utp.edu.co\/responsabilidad-social\/wp-json\/wp\/v2\/types\/post"}],"replies":[{"embeddable":true,"href":"https:\/\/vicerrectorias.utp.edu.co\/responsabilidad-social\/wp-json\/wp\/v2\/comments?post=8251"}],"version-history":[{"count":1,"href":"https:\/\/vicerrectorias.utp.edu.co\/responsabilidad-social\/wp-json\/wp\/v2\/posts\/8251\/revisions"}],"predecessor-version":[{"id":8816,"href":"https:\/\/vicerrectorias.utp.edu.co\/responsabilidad-social\/wp-json\/wp\/v2\/posts\/8251\/revisions\/8816"}],"wp:featuredmedia":[{"embeddable":true,"href":"https:\/\/vicerrectorias.utp.edu.co\/responsabilidad-social\/wp-json\/wp\/v2\/media\/60643"}],"wp:attachment":[{"href":"https:\/\/vicerrectorias.utp.edu.co\/responsabilidad-social\/wp-json\/wp\/v2\/media?parent=8251"}],"wp:term":[{"taxonomy":"category","embeddable":true,"href":"https:\/\/vicerrectorias.utp.edu.co\/responsabilidad-social\/wp-json\/wp\/v2\/categories?post=8251"},{"taxonomy":"post_tag","embeddable":true,"href":"https:\/\/vicerrectorias.utp.edu.co\/responsabilidad-social\/wp-json\/wp\/v2\/tags?post=8251"}],"curies":[{"name":"wp","href":"https:\/\/api.w.org\/{rel}","templated":true}]}}