{"id":8231,"date":"2022-02-05T09:32:02","date_gmt":"2022-02-05T08:32:02","guid":{"rendered":""},"modified":"2024-08-15T15:52:29","modified_gmt":"2024-08-15T13:52:29","slug":"formato-de-evaluacion-medica-general-y-fisica","status":"publish","type":"post","link":"https:\/\/vicerrectorias.utp.edu.co\/responsabilidad-social\/formato-de-evaluacion-medica-general-y-fisica\/","title":{"rendered":"Formato de Evaluaci\u00f3n M\u00e9dica General y F\u00edsica"},"content":{"rendered":"\n<p><span class=\"post-content__span\"> <strong><span>FORMATO DE EVALUACI\u00d3N M\u00c9DICA GENERAL Y F\u00cdSICA<\/span><\/strong><\/p>\n\n\n\n<p><span class=\"post-content__span\"> <span>El \u00e1rea de Formaci\u00f3n para la Vida invita a la comunidad universitaria a disfrutar del Deporte Recreativo mediante los 35 escenarios deportivos que se encuentran en nuestro campus universitario,tambi\u00e9n&nbsp;da a conocer a la&nbsp; el formato de evaluaci\u00f3n que se debe de presentar para hacer uso del Centro de Desarrollo F\u00edsico de la UTP.&nbsp;<\/span><\/p>\n\n\n\n<figure class=\"wp-block-image\"><a href=\"https:\/\/media2.utp.edu.co\/archivos\/Formato%20para%20imprimir%20Ficha%20Medica.pdf\"><img decoding=\"async\" src=\"https:\/\/media2.utp.edu.co\/imagenes\/WhatsApp%20Image%202022-02-03%20at%2010.26.09%20AM.jpeg\" alt=\"\"\/><\/a><\/figure>\n","protected":false},"excerpt":{"rendered":"<p>FORMATO DE EVALUACI\u00d3N M\u00c9DICA GENERAL Y F\u00cdSICA El \u00e1rea de Formaci\u00f3n para la Vida invita a la comunidad universitaria a [&hellip;]<\/p>\n","protected":false},"author":0,"featured_media":60641,"comment_status":"closed","ping_status":"closed","sticky":false,"template":"","format":"standard","meta":{"footnotes":""},"categories":[3],"tags":[],"class_list":["post-8231","post","type-post","status-publish","format-standard","has-post-thumbnail","hentry","category-noticias"],"_links":{"self":[{"href":"https:\/\/vicerrectorias.utp.edu.co\/responsabilidad-social\/wp-json\/wp\/v2\/posts\/8231","targetHints":{"allow":["GET"]}}],"collection":[{"href":"https:\/\/vicerrectorias.utp.edu.co\/responsabilidad-social\/wp-json\/wp\/v2\/posts"}],"about":[{"href":"https:\/\/vicerrectorias.utp.edu.co\/responsabilidad-social\/wp-json\/wp\/v2\/types\/post"}],"replies":[{"embeddable":true,"href":"https:\/\/vicerrectorias.utp.edu.co\/responsabilidad-social\/wp-json\/wp\/v2\/comments?post=8231"}],"version-history":[{"count":1,"href":"https:\/\/vicerrectorias.utp.edu.co\/responsabilidad-social\/wp-json\/wp\/v2\/posts\/8231\/revisions"}],"predecessor-version":[{"id":8818,"href":"https:\/\/vicerrectorias.utp.edu.co\/responsabilidad-social\/wp-json\/wp\/v2\/posts\/8231\/revisions\/8818"}],"wp:featuredmedia":[{"embeddable":true,"href":"https:\/\/vicerrectorias.utp.edu.co\/responsabilidad-social\/wp-json\/wp\/v2\/media\/60641"}],"wp:attachment":[{"href":"https:\/\/vicerrectorias.utp.edu.co\/responsabilidad-social\/wp-json\/wp\/v2\/media?parent=8231"}],"wp:term":[{"taxonomy":"category","embeddable":true,"href":"https:\/\/vicerrectorias.utp.edu.co\/responsabilidad-social\/wp-json\/wp\/v2\/categories?post=8231"},{"taxonomy":"post_tag","embeddable":true,"href":"https:\/\/vicerrectorias.utp.edu.co\/responsabilidad-social\/wp-json\/wp\/v2\/tags?post=8231"}],"curies":[{"name":"wp","href":"https:\/\/api.w.org\/{rel}","templated":true}]}}