{"id":8201,"date":"2022-01-24T12:36:16","date_gmt":"2022-01-24T11:36:16","guid":{"rendered":""},"modified":"2024-08-15T15:52:29","modified_gmt":"2024-08-15T13:52:29","slug":"bienvenidos-estudiantes-2022-i-a-la-utp","status":"publish","type":"post","link":"https:\/\/vicerrectorias.utp.edu.co\/responsabilidad-social\/bienvenidos-estudiantes-2022-i-a-la-utp\/","title":{"rendered":"Bienvenidos estudiantes 2022-I a la UTP"},"content":{"rendered":"\n<p><span class=\"post-content__span\"> <span><strong>PROCESO DE ADAPTACI\u00d3N Y PRUEBAS A LA VIDA UNIVERSIATRIA<\/strong><\/span><\/p>\n\n\n\n<p><span class=\"post-content__span\"> <span><strong>2022-I<\/strong><\/span><\/p>\n\n\n\n<p><span class=\"post-content__span\"> <span>La Vicerrector\u00eda de Responsabilidad Social y Bienestar Universitario, est\u00e1 realizando el PROCESO DE PRUEBAS Y ADAPTACI\u00d3N A LA VIDA UNIVERSITARIA, con el objetivo de brindar herramientas para responder a los desaf\u00edos de la vida universitaria a m\u00e1s de 2032 estudiantes que ingresan por primera vez.<\/span><\/p>\n\n\n\n<p><span class=\"post-content__span\"> <span>Teniendo en cuenta, el transito desde la modalidad de educaci\u00f3n virtual a la que nos vimos abocados por la pandemia Covid 19, hacia las modalidades de alternancia y prepar\u00e1ndonos para la presencialidad, se han desarrollado varias Innovaciones que faciliten la adaptaci\u00f3n en medio de nuevas condiciones y exigencias de bioseguridad, situaciones de vida de los estudiantes y oportunidades que ofrecen las tecnolog\u00edas adoptadas en la pandemia.<\/span><\/p>\n\n\n\n<p><span class=\"post-content__span\"> <span>Las innovaciones m\u00e1s representativas al momento son: la adopci\u00f3n de modalidades virtual sincr\u00f3nica y asincr\u00f3nica, as\u00ed como la modalidad presencial; para esta \u00faltima se utiliza un sistema de toma de asistencia con c\u00f3digo QR, que adem\u00e1s de evitar el contacto de los estudiantes con lapiceros y hojas de asistencia, permite evaluar en tiempo real su satisfacci\u00f3n y realizar ajustes inmediatos a la forma como se desarrollan las actividades, la continuidad en el uso de la plataforma de genially que permite desarrollar una parte del proceso de forma asincr\u00f3nica, posibilitando a los estudiantes contar con acceso a memoria de los servicios relacionados con: bienestar, convivencia y reglamento estudiantil, investigaci\u00f3n, extensi\u00f3n e innovaci\u00f3n, gestiones acad\u00e9micas, internacionalizaci\u00f3n y segunda lengua, comunicaciones,&nbsp; educaci\u00f3n virtual, recursos inform\u00e1ticos y educativos, biblioteca, , gesti\u00f3n ambiental, jard\u00edn bot\u00e1nico y planeaci\u00f3n; programas como j\u00f3venes en acci\u00f3n, s\u00edmbolos y valores institucionales, entre otros.<\/span><\/p>\n\n\n\n<p><span class=\"post-content__span\"> <span>Otra innovaci\u00f3n que constituye un significativo avance en la construcci\u00f3n de clima estudiantil es la participaci\u00f3n de los representantes estudiantiles, quienes se han vinculado como voluntarios para apoyar el desarrollo de las actividades junto con los estudiantes de servicio social y profesionales de diferentes procesos de las Vicerrector\u00edas de Responsabilidad Social y Bienestar Universitario, Administrativa y Acad\u00e9mica.<\/span><\/p>\n\n\n\n<p><span class=\"post-content__span\"> <span>Durante estos primeros d\u00edas, se han identificado las condiciones de vulnerabilidad de los estudiantes, a trav\u00e9s del sistema de alertas tempranas, que consiste en las pruebas de adaptaci\u00f3n a la vida universitaria y las acad\u00e9micas en las \u00e1reas de ingl\u00e9s y matem\u00e1ticas; lo que permitir\u00e1 realizar las intervenciones durante el semestre a trav\u00e9s del Programa de Acompa\u00f1amiento Integral PAI; el cual ya inici\u00f3 con la entrevista PAI dando prioridad a estudiantes que presentan una mayor vulnerabilidad. Nuestros nuevos estudiantes reciben informaci\u00f3n sobre las aulas de acompa\u00f1amiento, la l\u00ednea de acompa\u00f1amiento acad\u00e9mico y el proceso de clases 2022-1.<\/span><\/p>\n\n\n\n<p><span class=\"post-content__span\"> <span>Atendiendo la Pol\u00edtica de Inclusi\u00f3n Social, se han identificado 11 estudiantes que informaron tener alguna discapacidad; de los cuales 4 ya han presentado su certificado de discapacidad; dos (2) con discapacidad motora y dos (2) cognitiva. Quienes ingresan de forma inmediata a nuestra Estrategia de Acompa\u00f1amiento para Poblaci\u00f3n con Discapacidad.<\/span><\/p>\n\n\n\n<p><span class=\"post-content__span\"> <span>Por otro lado, teniendo en cuenta la Diversidad Cultural, el Cabildo Ind\u00edgena Universitario se ha vinculado mediante una presentaci\u00f3n de la trayectoria de su organizaci\u00f3n y para esta semana se espera contar con una presentaci\u00f3n tambi\u00e9n de organizaciones afro y estudiantes campesinos. Por su parte los representantes estudiantiles tendr\u00e1n su espacio y est\u00e1n apoyando tanto el recorrido por el campus como la orientaci\u00f3n sobre temas normativos, correo electr\u00f3nico, portal estudiantil, procesos y solicitudes acad\u00e9micas, horario, calendario acad\u00e9mico, solicitudes de apoyos socioecon\u00f3micos,&nbsp;reglamento estudiantil, aplicaci\u00f3n m\u00f3vil UTP.<\/span><\/p>\n\n\n\n<p><span class=\"post-content__span\"> <span>En cuanto a la modalidad presencial a partir del d\u00eda 20 de enero de 2022 se inici\u00f3 con los recorridos por el campus universitario, los cuales se est\u00e1n desarrollando de lunes a viernes entre las 8 am y las 7:30 p.m.; al momento se han inscrito 1955 estudiantes y han participado 181, de los cuales el 95.6% han calificado el evento entre 4 y 5 en una escala de 1 a 5, de ellos el 85.1% han evaluado con puntaje 5 dicho evento. En este recorrido se est\u00e1 haciendo la carnetizaci\u00f3n y se realizar\u00e1n dos jornadas de vacunaci\u00f3n.<\/span><\/p>\n\n\n\n<p><span class=\"post-content__span\"> <span>Entre los d\u00edas 27 al 29 de enero se realizar\u00e1 la bienvenida y presentaci\u00f3n del Se\u00f1or rector Luis Fernando Gaviria Trujillo, los Vicerrectores y dem\u00e1s directivas de la universidad, la presentaci\u00f3n de los programas acad\u00e9micos y perfil del profesional, docentes, auxiliares administrativas; el primer taller de adaptaci\u00f3n a la vida universitaria, proceso de vacunaci\u00f3n y las&nbsp;pruebas de la facultad de ciencias de la educaci\u00f3n.<\/span><\/p>\n\n\n\n<p><span class=\"post-content__span\"> <span>Para su orientaci\u00f3n, los estudiantes cuentan con 36 grupos de wathsapp, uno por cada programa acad\u00e9mico, la mesa de ayuda y soporte t\u00e9cnico de lunes a viernes de 4:00 a 7:00 pm.<\/span><\/p>\n\n\n\n<figure class=\"wp-block-image\"><a href=\"https:\/\/view.genial.ly\/61e9b5e885e2680024252b31\/presentation-proceso-de-pruebas-y-adaptacion-a-la-vida-universitaria-2022-1\"><img decoding=\"async\" src=\"https:\/\/media2.utp.edu.co\/imagenes\/Imagen%201(1).png\" alt=\"\"\/><\/a><\/figure>\n","protected":false},"excerpt":{"rendered":"<p>PROCESO DE ADAPTACI\u00d3N Y PRUEBAS A LA VIDA UNIVERSIATRIA 2022-I La Vicerrector\u00eda de Responsabilidad Social y Bienestar Universitario, est\u00e1 realizando [&hellip;]<\/p>\n","protected":false},"author":0,"featured_media":60638,"comment_status":"closed","ping_status":"closed","sticky":false,"template":"","format":"standard","meta":{"footnotes":""},"categories":[3],"tags":[],"class_list":["post-8201","post","type-post","status-publish","format-standard","has-post-thumbnail","hentry","category-noticias"],"_links":{"self":[{"href":"https:\/\/vicerrectorias.utp.edu.co\/responsabilidad-social\/wp-json\/wp\/v2\/posts\/8201","targetHints":{"allow":["GET"]}}],"collection":[{"href":"https:\/\/vicerrectorias.utp.edu.co\/responsabilidad-social\/wp-json\/wp\/v2\/posts"}],"about":[{"href":"https:\/\/vicerrectorias.utp.edu.co\/responsabilidad-social\/wp-json\/wp\/v2\/types\/post"}],"replies":[{"embeddable":true,"href":"https:\/\/vicerrectorias.utp.edu.co\/responsabilidad-social\/wp-json\/wp\/v2\/comments?post=8201"}],"version-history":[{"count":1,"href":"https:\/\/vicerrectorias.utp.edu.co\/responsabilidad-social\/wp-json\/wp\/v2\/posts\/8201\/revisions"}],"predecessor-version":[{"id":8819,"href":"https:\/\/vicerrectorias.utp.edu.co\/responsabilidad-social\/wp-json\/wp\/v2\/posts\/8201\/revisions\/8819"}],"wp:featuredmedia":[{"embeddable":true,"href":"https:\/\/vicerrectorias.utp.edu.co\/responsabilidad-social\/wp-json\/wp\/v2\/media\/60638"}],"wp:attachment":[{"href":"https:\/\/vicerrectorias.utp.edu.co\/responsabilidad-social\/wp-json\/wp\/v2\/media?parent=8201"}],"wp:term":[{"taxonomy":"category","embeddable":true,"href":"https:\/\/vicerrectorias.utp.edu.co\/responsabilidad-social\/wp-json\/wp\/v2\/categories?post=8201"},{"taxonomy":"post_tag","embeddable":true,"href":"https:\/\/vicerrectorias.utp.edu.co\/responsabilidad-social\/wp-json\/wp\/v2\/tags?post=8201"}],"curies":[{"name":"wp","href":"https:\/\/api.w.org\/{rel}","templated":true}]}}