{"id":8181,"date":"2021-12-16T08:46:58","date_gmt":"2021-12-16T07:46:58","guid":{"rendered":""},"modified":"2024-08-15T15:52:29","modified_gmt":"2024-08-15T13:52:29","slug":"resultados-de-reliquidacion-de-matricula-2021-1","status":"publish","type":"post","link":"https:\/\/vicerrectorias.utp.edu.co\/responsabilidad-social\/resultados-de-reliquidacion-de-matricula-2021-1\/","title":{"rendered":"Resultados de Reliquidaci\u00f3n de Matr\u00edcula 2021-1"},"content":{"rendered":"\n<p><span class=\"post-content__span\"> <span><strong>RELIQUIDACI\u00d3N DE MATR\u00cdCULA 2021-2&nbsp;<\/strong><\/span><\/p>\n\n\n\n<figure class=\"wp-block-image\"><img decoding=\"async\" src=\"https:\/\/media2.utp.edu.co\/imagenes\/145697818_3659767537469076_1611819830196221455_n.jpeg\" alt=\"\"\/><\/figure>\n\n\n\n<p><span class=\"post-content__span\"> <a href=\"https:\/\/media2.utp.edu.co\/archivos\/Reliquidacio%CC%81n%20de%20Matricula.pdf\"><span><strong>CONOCE LOS RESULTADOS AQU\u00cd<\/strong><\/span><\/a><\/p>\n","protected":false},"excerpt":{"rendered":"<p>RELIQUIDACI\u00d3N DE MATR\u00cdCULA 2021-2&nbsp; CONOCE LOS RESULTADOS AQU\u00cd<\/p>\n","protected":false},"author":0,"featured_media":60636,"comment_status":"closed","ping_status":"closed","sticky":false,"template":"","format":"standard","meta":{"footnotes":""},"categories":[3],"tags":[],"class_list":["post-8181","post","type-post","status-publish","format-standard","has-post-thumbnail","hentry","category-noticias"],"_links":{"self":[{"href":"https:\/\/vicerrectorias.utp.edu.co\/responsabilidad-social\/wp-json\/wp\/v2\/posts\/8181","targetHints":{"allow":["GET"]}}],"collection":[{"href":"https:\/\/vicerrectorias.utp.edu.co\/responsabilidad-social\/wp-json\/wp\/v2\/posts"}],"about":[{"href":"https:\/\/vicerrectorias.utp.edu.co\/responsabilidad-social\/wp-json\/wp\/v2\/types\/post"}],"replies":[{"embeddable":true,"href":"https:\/\/vicerrectorias.utp.edu.co\/responsabilidad-social\/wp-json\/wp\/v2\/comments?post=8181"}],"version-history":[{"count":1,"href":"https:\/\/vicerrectorias.utp.edu.co\/responsabilidad-social\/wp-json\/wp\/v2\/posts\/8181\/revisions"}],"predecessor-version":[{"id":8821,"href":"https:\/\/vicerrectorias.utp.edu.co\/responsabilidad-social\/wp-json\/wp\/v2\/posts\/8181\/revisions\/8821"}],"wp:featuredmedia":[{"embeddable":true,"href":"https:\/\/vicerrectorias.utp.edu.co\/responsabilidad-social\/wp-json\/wp\/v2\/media\/60636"}],"wp:attachment":[{"href":"https:\/\/vicerrectorias.utp.edu.co\/responsabilidad-social\/wp-json\/wp\/v2\/media?parent=8181"}],"wp:term":[{"taxonomy":"category","embeddable":true,"href":"https:\/\/vicerrectorias.utp.edu.co\/responsabilidad-social\/wp-json\/wp\/v2\/categories?post=8181"},{"taxonomy":"post_tag","embeddable":true,"href":"https:\/\/vicerrectorias.utp.edu.co\/responsabilidad-social\/wp-json\/wp\/v2\/tags?post=8181"}],"curies":[{"name":"wp","href":"https:\/\/api.w.org\/{rel}","templated":true}]}}