{"id":8161,"date":"2021-12-05T09:42:31","date_gmt":"2021-12-05T08:42:31","guid":{"rendered":""},"modified":"2024-08-16T07:18:01","modified_gmt":"2024-08-16T05:18:01","slug":"celebracion-dia-de-los-ninos-y-la-familia-utp-2021","status":"publish","type":"post","link":"https:\/\/vicerrectorias.utp.edu.co\/responsabilidad-social\/celebracion-dia-de-los-ninos-y-la-familia-utp-2021\/","title":{"rendered":"Celebraci\u00f3n D\u00eda de los Ni\u00f1os y la Familia UTP 2021"},"content":{"rendered":"\n<p><span class=\"post-content__span\"> <span>El pasado mi\u00e9rcoles 01 de diciembre del 2021, el se\u00f1or Rector Luis Fernando Gaviria en compa\u00f1\u00eda de su esposa Natalia Garc\u00eda Zapata, Vicerrectora de Responsabilidad Social y Bienestar Universitario Diana G\u00f3mez y el Vicerrector Acad\u00e9mico Jhoniers Guerrero Erazo, le dieron la bienvenida a la navidad en el d\u00eda de los ni\u00f1os y la familia UTP.&nbsp; &nbsp; &nbsp;<\/span> &nbsp; &nbsp; &nbsp; &nbsp; &nbsp; &nbsp; &nbsp; &nbsp; &nbsp; &nbsp; &nbsp; &nbsp; &nbsp; &nbsp; &nbsp; &nbsp;.<\/p>\n\n\n\n<figure class=\"wp-block-image\"><img decoding=\"async\" src=\"https:\/\/media2.utp.edu.co\/imagenes\/_MG_9700.jpg\" alt=\"\"\/><\/figure>\n\n\n\n<p><span class=\"post-content__span\"> <span>Esta jornada cont\u00f3 con la participaci\u00f3n de m\u00e1s de 200 personas entre ni\u00f1os y adultos quienes compartieron un espacio que se inici\u00f3 con un mensaje del capell\u00e1n Nelson Giraldo Mej\u00eda y la presentaci\u00f3n del coro de los ni\u00f1os de Batuta, continuando con actividades educativas en el jard\u00edn bot\u00e1nico y planetario y una feria en la cual grandes y chicos disfrutaron de actividades como: pinta caritas, inflables, mirando las estrellas, recreaci\u00f3n, la hora loca y muchas sorpresas m\u00e1s.<\/span><\/p>\n\n\n\n<figure class=\"wp-block-image\"><img decoding=\"async\" src=\"https:\/\/media2.utp.edu.co\/imagenes\/WhatsApp%20Image%202021-11-29%20at%202.49.14%20PM.jpeg\" alt=\"\"\/><\/figure>\n\n\n\n<p><span class=\"post-content__span\"> <span><em>Estos espacios se constituyen para la Universidad de gran importancia desde su enfoque formativo, recreativo, cultural y de interacci\u00f3n entre la instituci\u00f3n, los ni\u00f1os y las familias UTP que contribuya al bienestar y la calidad de vida de la comunidad universitaria.<\/em><\/span><\/p>\n\n\n\n<p><span class=\"post-content__span\"> <\/p>\n\n\n\n<div class=\"wp-block-columns are-vertically-aligned-center is-layout-flex wp-container-core-columns-is-layout-9d6595d7 wp-block-columns-is-layout-flex\">\n<div class=\"wp-block-column is-vertically-aligned-center is-layout-flow wp-block-column-is-layout-flow\">\n<figure class=\"wp-block-image\"><img decoding=\"async\" src=\"https:\/\/media2.utp.edu.co\/imagenes\/_MG_9551.jpg\" alt=\"\"\/><\/figure>\n<\/div>\n\n\n\n<div class=\"wp-block-column is-vertically-aligned-center is-layout-flow wp-block-column-is-layout-flow\">\n<figure class=\"wp-block-image\"><img decoding=\"async\" src=\"https:\/\/media2.utp.edu.co\/imagenes\/_MG_9778.jpg\" alt=\"\"\/><\/figure>\n<\/div>\n<\/div>\n\n\n\n<figure class=\"wp-block-image\"><img decoding=\"async\" src=\"https:\/\/media2.utp.edu.co\/imagenes\/_MG_9572.jpg\" alt=\"\"\/><\/figure>\n\n\n<div class=\"wp-block-image\">\n<figure class=\"aligncenter is-resized\"><img decoding=\"async\" src=\"https:\/\/media2.utp.edu.co\/imagenes\/_MG_9594.jpg\" alt=\"\" style=\"width:748px;height:auto\"\/><\/figure>\n<\/div>\n\n<div class=\"wp-block-image\">\n<figure class=\"aligncenter is-resized\"><img decoding=\"async\" src=\"https:\/\/media2.utp.edu.co\/imagenes\/_MG_9738.jpg\" alt=\"\" style=\"width:677px;height:auto\"\/><\/figure>\n<\/div>\n\n<div class=\"wp-block-image\">\n<figure class=\"aligncenter is-resized\"><img decoding=\"async\" src=\"https:\/\/media2.utp.edu.co\/imagenes\/_MG_9626.jpg\" alt=\"\" style=\"width:657px;height:auto\"\/><\/figure>\n<\/div>\n\n\n<p><span class=\"post-content__span\"> <span><strong>Finalmente, La Universidad Tecnol\u00f3gica de Pereira, les desea a todos una feliz navidad y un pr\u00f3spero a\u00f1o nuevo, lleno de amor y felicidad.<\/strong><\/span><\/p>\n\n\n<div class=\"wp-block-image\">\n<figure class=\"aligncenter is-resized\"><img decoding=\"async\" src=\"https:\/\/media2.utp.edu.co\/imagenes\/_MG_9721.jpg\" alt=\"\" style=\"width:689px;height:auto\"\/><\/figure>\n<\/div>","protected":false},"excerpt":{"rendered":"<p>El pasado mi\u00e9rcoles 01 de diciembre del 2021, el se\u00f1or Rector Luis Fernando Gaviria en compa\u00f1\u00eda de su esposa Natalia [&hellip;]<\/p>\n","protected":false},"author":0,"featured_media":60634,"comment_status":"closed","ping_status":"closed","sticky":false,"template":"","format":"standard","meta":{"footnotes":""},"categories":[3],"tags":[],"class_list":["post-8161","post","type-post","status-publish","format-standard","has-post-thumbnail","hentry","category-noticias"],"_links":{"self":[{"href":"https:\/\/vicerrectorias.utp.edu.co\/responsabilidad-social\/wp-json\/wp\/v2\/posts\/8161","targetHints":{"allow":["GET"]}}],"collection":[{"href":"https:\/\/vicerrectorias.utp.edu.co\/responsabilidad-social\/wp-json\/wp\/v2\/posts"}],"about":[{"href":"https:\/\/vicerrectorias.utp.edu.co\/responsabilidad-social\/wp-json\/wp\/v2\/types\/post"}],"replies":[{"embeddable":true,"href":"https:\/\/vicerrectorias.utp.edu.co\/responsabilidad-social\/wp-json\/wp\/v2\/comments?post=8161"}],"version-history":[{"count":3,"href":"https:\/\/vicerrectorias.utp.edu.co\/responsabilidad-social\/wp-json\/wp\/v2\/posts\/8161\/revisions"}],"predecessor-version":[{"id":60813,"href":"https:\/\/vicerrectorias.utp.edu.co\/responsabilidad-social\/wp-json\/wp\/v2\/posts\/8161\/revisions\/60813"}],"wp:featuredmedia":[{"embeddable":true,"href":"https:\/\/vicerrectorias.utp.edu.co\/responsabilidad-social\/wp-json\/wp\/v2\/media\/60634"}],"wp:attachment":[{"href":"https:\/\/vicerrectorias.utp.edu.co\/responsabilidad-social\/wp-json\/wp\/v2\/media?parent=8161"}],"wp:term":[{"taxonomy":"category","embeddable":true,"href":"https:\/\/vicerrectorias.utp.edu.co\/responsabilidad-social\/wp-json\/wp\/v2\/categories?post=8161"},{"taxonomy":"post_tag","embeddable":true,"href":"https:\/\/vicerrectorias.utp.edu.co\/responsabilidad-social\/wp-json\/wp\/v2\/tags?post=8161"}],"curies":[{"name":"wp","href":"https:\/\/api.w.org\/{rel}","templated":true}]}}