{"id":8141,"date":"2021-11-29T19:09:26","date_gmt":"2021-11-29T18:09:26","guid":{"rendered":""},"modified":"2024-08-20T10:47:01","modified_gmt":"2024-08-20T08:47:01","slug":"oferta-de-actividad-fisica-del-club-de-la-salud","status":"publish","type":"post","link":"https:\/\/vicerrectorias.utp.edu.co\/responsabilidad-social\/oferta-de-actividad-fisica-del-club-de-la-salud\/","title":{"rendered":"Oferta de actividad f\u00edsica del Club de la Salud"},"content":{"rendered":"\n<p><span class=\"post-content__span\"> <span><em><strong>CLUB DE LA SALUD UTP<\/strong><\/em><\/span><\/p>\n\n\n\n<p><span class=\"post-content__span\"> <span>Se invita a los docentes y administrativos UTP a vincularse a la oferta de actividad f\u00edsica del Club de la Salud. Cumple tu objetivo de adquirir h\u00e1bitos y estilos de vida saludable con el acompa\u00f1amiento de profesionales en Ciencias del Deporte y la Recreaci\u00f3n, instructores certificados en yoga y rumba-aer\u00f3bicos.\u00a0<\/span><\/p>\n\n\n\n<div class=\"wp-block-columns are-vertically-aligned-center is-layout-flex wp-container-core-columns-is-layout-9d6595d7 wp-block-columns-is-layout-flex\">\n<div class=\"wp-block-column is-vertically-aligned-center is-layout-flow wp-block-column-is-layout-flow\">\n<figure class=\"wp-block-image\"><img decoding=\"async\" src=\"https:\/\/media2.utp.edu.co\/imagenes\/WhatsApp%20Image%202021-11-29%20at%206.53.30%20PM.jpeg\" alt=\"\"\/><\/figure>\n<\/div>\n\n\n\n<div class=\"wp-block-column is-vertically-aligned-center is-layout-flow wp-block-column-is-layout-flow\">\n<figure class=\"wp-block-image\"><img decoding=\"async\" src=\"https:\/\/media2.utp.edu.co\/imagenes\/WhatsApp%20Image%202021-11-29%20at%206.53.31%20PM.jpeg\" alt=\"\"\/><\/figure>\n<\/div>\n<\/div>\n\n\n<div class=\"wp-block-image\">\n<figure class=\"aligncenter is-resized\"><img decoding=\"async\" src=\"https:\/\/media2.utp.edu.co\/imagenes\/WhatsApp%20Image%202021-11-29%20at%206.53.31%20PM%20(1).jpeg\" alt=\"\" style=\"width:651px;height:auto\"\/><\/figure>\n<\/div>\n\n\n<p><span class=\"post-content__span\"> <\/p>\n\n\n\n<div class=\"wp-block-columns are-vertically-aligned-center is-layout-flex wp-container-core-columns-is-layout-9d6595d7 wp-block-columns-is-layout-flex\">\n<div class=\"wp-block-column is-vertically-aligned-center is-layout-flow wp-block-column-is-layout-flow\">\n<figure class=\"wp-block-image\"><img decoding=\"async\" src=\"https:\/\/media2.utp.edu.co\/imagenes\/WhatsApp%20Image%202021-11-29%20at%206.53.31%20PM%20(2).jpeg\" alt=\"\"\/><\/figure>\n<\/div>\n\n\n\n<div class=\"wp-block-column is-vertically-aligned-center is-layout-flow wp-block-column-is-layout-flow\">\n<figure class=\"wp-block-image\"><img decoding=\"async\" src=\"https:\/\/media2.utp.edu.co\/imagenes\/WhatsApp%20Image%202021-11-29%20at%206.53.32%20PM.jpeg\" alt=\"\"\/><\/figure>\n<\/div>\n<\/div>\n\n\n\n<p><span class=\"post-content__span\"> <span><em><strong>Pensamos en tu bienestar y calidad de vida.<\/strong><\/em><\/span><\/p>\n","protected":false},"excerpt":{"rendered":"<p>CLUB DE LA SALUD UTP Se invita a los docentes y administrativos UTP a vincularse a la oferta de actividad [&hellip;]<\/p>\n","protected":false},"author":0,"featured_media":60632,"comment_status":"closed","ping_status":"closed","sticky":false,"template":"","format":"standard","meta":{"footnotes":""},"categories":[3],"tags":[],"class_list":["post-8141","post","type-post","status-publish","format-standard","has-post-thumbnail","hentry","category-noticias"],"_links":{"self":[{"href":"https:\/\/vicerrectorias.utp.edu.co\/responsabilidad-social\/wp-json\/wp\/v2\/posts\/8141","targetHints":{"allow":["GET"]}}],"collection":[{"href":"https:\/\/vicerrectorias.utp.edu.co\/responsabilidad-social\/wp-json\/wp\/v2\/posts"}],"about":[{"href":"https:\/\/vicerrectorias.utp.edu.co\/responsabilidad-social\/wp-json\/wp\/v2\/types\/post"}],"replies":[{"embeddable":true,"href":"https:\/\/vicerrectorias.utp.edu.co\/responsabilidad-social\/wp-json\/wp\/v2\/comments?post=8141"}],"version-history":[{"count":2,"href":"https:\/\/vicerrectorias.utp.edu.co\/responsabilidad-social\/wp-json\/wp\/v2\/posts\/8141\/revisions"}],"predecessor-version":[{"id":61213,"href":"https:\/\/vicerrectorias.utp.edu.co\/responsabilidad-social\/wp-json\/wp\/v2\/posts\/8141\/revisions\/61213"}],"wp:featuredmedia":[{"embeddable":true,"href":"https:\/\/vicerrectorias.utp.edu.co\/responsabilidad-social\/wp-json\/wp\/v2\/media\/60632"}],"wp:attachment":[{"href":"https:\/\/vicerrectorias.utp.edu.co\/responsabilidad-social\/wp-json\/wp\/v2\/media?parent=8141"}],"wp:term":[{"taxonomy":"category","embeddable":true,"href":"https:\/\/vicerrectorias.utp.edu.co\/responsabilidad-social\/wp-json\/wp\/v2\/categories?post=8141"},{"taxonomy":"post_tag","embeddable":true,"href":"https:\/\/vicerrectorias.utp.edu.co\/responsabilidad-social\/wp-json\/wp\/v2\/tags?post=8141"}],"curies":[{"name":"wp","href":"https:\/\/api.w.org\/{rel}","templated":true}]}}