{"id":8121,"date":"2021-11-29T09:09:35","date_gmt":"2021-11-29T08:09:35","guid":{"rendered":""},"modified":"2024-08-15T15:52:30","modified_gmt":"2024-08-15T13:52:30","slug":"dia-de-los-ninos-y-la-familia-utp-2021","status":"publish","type":"post","link":"https:\/\/vicerrectorias.utp.edu.co\/responsabilidad-social\/dia-de-los-ninos-y-la-familia-utp-2021\/","title":{"rendered":"D\u00eda de los Ni\u00f1os y la Familia UTP 2021"},"content":{"rendered":"\n<p><span class=\"post-content__span\"> <span><strong>Bienvenido el D\u00eda de los Ni\u00f1os y la familia UTP<\/strong><\/span><\/p>\n\n\n\n<p><span class=\"post-content__span\"> <span>La familia es el mejor regalo que nos da la vida y nuestros compa\u00f1eros de trabajo se vuelven parte de ella; por esta raz\u00f3n y en compa\u00f1\u00eda de nuestros hijos queremos extender la invitaci\u00f3n a toda la comunidad universitaria a reunirnos y disfrutar un rato lleno de felicidad y armon\u00eda en nuestra casa UTP.<\/span><\/p>\n\n\n\n<figure class=\"wp-block-image\"><img decoding=\"async\" src=\"https:\/\/media2.utp.edu.co\/imagenes\/WhatsApp%20Image%202021-11-26%20at%2012.23.30%20PM.jpeg\" alt=\"\"\/><\/figure>\n\n\n\n<p><span class=\"post-content__span\"> <span>El 1 de diciembre encontrar\u00e1s actividades llenas de conocimientos y diversi\u00f3n donde la naturaleza y los fen\u00f3menos astron\u00f3micos nos permitir\u00e1 no solo un compartir sino generar una conciencia en familia sobre la protecci\u00f3n y el cuidado del medio ambiente.<\/span><\/p>\n\n\n\n<p><span class=\"post-content__span\"> <span>Los ni\u00f1os y las ni\u00f1as de nuestros Docentes y Administrativos&nbsp;entre <strong>los 6 meses y 11 a\u00f1os de edad&nbsp;<\/strong>y su&nbsp;acompa\u00f1ante&nbsp;podr\u00e1n disfrutar de un recorrido de 45 minutos aproximadamente por el Jard\u00edn Bot\u00e1nico y el planetario de la Universidad Tecnol\u00f3gica De Pereira. Y posteriormente al recorrido encontrar\u00e1n un mundo de diversi\u00f3n llamado la \u201cFeria\u201d la cual tendr\u00e1 actividades como:<\/span><\/p>\n\n\n\n<ul class=\"wp-block-list\"><li><span>Pinta Caritas<\/span><\/li><li><span>Sanqueros<\/span><\/li><li><span>M\u00fasica<\/span><\/li><li><span>Punto de Crispetas y algod\u00f3n de az\u00facar<\/span><\/li><li><span>Inflables y piscina de pelotas<\/span><\/li><\/ul>\n\n\n\n<p><span class=\"post-content__span\"> <span>Tambi\u00e9n van poder gozar de la presentaci\u00f3n del coro de los ni\u00f1os de Batuta que a trav\u00e9s de la m\u00fasica nos dar\u00e1n la bienvenida y apertura a la Navidad y finalmente daremos cierre a un momento en familia con un compartir.<\/span><\/p>\n\n\n\n<p><span class=\"post-content__span\"> <em><strong><span>\u00a1No olvides llevar contigo el carnet&nbsp;de vacunaci\u00f3n, la responsabilidad es de todos y entre todos construimos Bienestar Institucional\u00a1<\/span><\/strong><\/em><\/p>\n","protected":false},"excerpt":{"rendered":"<p>Bienvenido el D\u00eda de los Ni\u00f1os y la familia UTP La familia es el mejor regalo que nos da la [&hellip;]<\/p>\n","protected":false},"author":0,"featured_media":60630,"comment_status":"closed","ping_status":"closed","sticky":false,"template":"","format":"standard","meta":{"footnotes":""},"categories":[3],"tags":[],"class_list":["post-8121","post","type-post","status-publish","format-standard","has-post-thumbnail","hentry","category-noticias"],"_links":{"self":[{"href":"https:\/\/vicerrectorias.utp.edu.co\/responsabilidad-social\/wp-json\/wp\/v2\/posts\/8121","targetHints":{"allow":["GET"]}}],"collection":[{"href":"https:\/\/vicerrectorias.utp.edu.co\/responsabilidad-social\/wp-json\/wp\/v2\/posts"}],"about":[{"href":"https:\/\/vicerrectorias.utp.edu.co\/responsabilidad-social\/wp-json\/wp\/v2\/types\/post"}],"replies":[{"embeddable":true,"href":"https:\/\/vicerrectorias.utp.edu.co\/responsabilidad-social\/wp-json\/wp\/v2\/comments?post=8121"}],"version-history":[{"count":1,"href":"https:\/\/vicerrectorias.utp.edu.co\/responsabilidad-social\/wp-json\/wp\/v2\/posts\/8121\/revisions"}],"predecessor-version":[{"id":8826,"href":"https:\/\/vicerrectorias.utp.edu.co\/responsabilidad-social\/wp-json\/wp\/v2\/posts\/8121\/revisions\/8826"}],"wp:featuredmedia":[{"embeddable":true,"href":"https:\/\/vicerrectorias.utp.edu.co\/responsabilidad-social\/wp-json\/wp\/v2\/media\/60630"}],"wp:attachment":[{"href":"https:\/\/vicerrectorias.utp.edu.co\/responsabilidad-social\/wp-json\/wp\/v2\/media?parent=8121"}],"wp:term":[{"taxonomy":"category","embeddable":true,"href":"https:\/\/vicerrectorias.utp.edu.co\/responsabilidad-social\/wp-json\/wp\/v2\/categories?post=8121"},{"taxonomy":"post_tag","embeddable":true,"href":"https:\/\/vicerrectorias.utp.edu.co\/responsabilidad-social\/wp-json\/wp\/v2\/tags?post=8121"}],"curies":[{"name":"wp","href":"https:\/\/api.w.org\/{rel}","templated":true}]}}