{"id":8111,"date":"2021-11-22T12:39:31","date_gmt":"2021-11-22T11:39:31","guid":{"rendered":""},"modified":"2024-08-15T15:52:30","modified_gmt":"2024-08-15T13:52:30","slug":"coro-de-navidad-batuta-utp-2021","status":"publish","type":"post","link":"https:\/\/vicerrectorias.utp.edu.co\/responsabilidad-social\/coro-de-navidad-batuta-utp-2021\/","title":{"rendered":"Coro de Navidad Batuta &#8211;  UTP 2021"},"content":{"rendered":"\n<p><span class=\"post-content__span\"> <span><strong>Coro de Navidad Batuta &#8211;&nbsp; UTP 2021<\/strong><\/span><\/p>\n\n\n\n<p><span class=\"post-content__span\"> <span>En el marco del bienestar institucional la Universidad Tecnol\u00f3gica de Pereira a trav\u00e9s de la Vicerrector\u00eda de Responsabilidad Social y Bienestar universitario en convenio con la Corporaci\u00f3n Regional Batuta Risaralda se realizar\u00e1 el proceso de formaci\u00f3n: coro de Navidad dirigido a los hijos desde los 7 a los 17 a\u00f1os&nbsp; de los funcionarios de los docentes y administrativos UTP.<\/span><\/p>\n\n\n\n<figure class=\"wp-block-image\"><img decoding=\"async\" src=\"https:\/\/media2.utp.edu.co\/imagenes\/Coro%20de%20Navidad%20Batuta%20UTP%202021.png\" alt=\"\"\/><\/figure>\n\n\n\n<p><span class=\"post-content__span\"> <a href=\"https:\/\/forms.gle\/q2TsTcVYL9oso28P9\"><span>INSCRIPCIONES&nbsp;AQU\u00cd<\/span><\/a><\/p>\n\n\n\n<p><span class=\"post-content__span\"> <span><strong>\u00ab30 Noviembre 2021\u00bb<\/strong><\/span><\/p>\n","protected":false},"excerpt":{"rendered":"<p>Coro de Navidad Batuta &#8211;&nbsp; UTP 2021 En el marco del bienestar institucional la Universidad Tecnol\u00f3gica de Pereira a trav\u00e9s [&hellip;]<\/p>\n","protected":false},"author":0,"featured_media":60629,"comment_status":"closed","ping_status":"closed","sticky":false,"template":"","format":"standard","meta":{"footnotes":""},"categories":[3],"tags":[],"class_list":["post-8111","post","type-post","status-publish","format-standard","has-post-thumbnail","hentry","category-noticias"],"_links":{"self":[{"href":"https:\/\/vicerrectorias.utp.edu.co\/responsabilidad-social\/wp-json\/wp\/v2\/posts\/8111","targetHints":{"allow":["GET"]}}],"collection":[{"href":"https:\/\/vicerrectorias.utp.edu.co\/responsabilidad-social\/wp-json\/wp\/v2\/posts"}],"about":[{"href":"https:\/\/vicerrectorias.utp.edu.co\/responsabilidad-social\/wp-json\/wp\/v2\/types\/post"}],"replies":[{"embeddable":true,"href":"https:\/\/vicerrectorias.utp.edu.co\/responsabilidad-social\/wp-json\/wp\/v2\/comments?post=8111"}],"version-history":[{"count":1,"href":"https:\/\/vicerrectorias.utp.edu.co\/responsabilidad-social\/wp-json\/wp\/v2\/posts\/8111\/revisions"}],"predecessor-version":[{"id":8828,"href":"https:\/\/vicerrectorias.utp.edu.co\/responsabilidad-social\/wp-json\/wp\/v2\/posts\/8111\/revisions\/8828"}],"wp:featuredmedia":[{"embeddable":true,"href":"https:\/\/vicerrectorias.utp.edu.co\/responsabilidad-social\/wp-json\/wp\/v2\/media\/60629"}],"wp:attachment":[{"href":"https:\/\/vicerrectorias.utp.edu.co\/responsabilidad-social\/wp-json\/wp\/v2\/media?parent=8111"}],"wp:term":[{"taxonomy":"category","embeddable":true,"href":"https:\/\/vicerrectorias.utp.edu.co\/responsabilidad-social\/wp-json\/wp\/v2\/categories?post=8111"},{"taxonomy":"post_tag","embeddable":true,"href":"https:\/\/vicerrectorias.utp.edu.co\/responsabilidad-social\/wp-json\/wp\/v2\/tags?post=8111"}],"curies":[{"name":"wp","href":"https:\/\/api.w.org\/{rel}","templated":true}]}}