{"id":8101,"date":"2021-11-02T13:05:19","date_gmt":"2021-11-02T12:05:19","guid":{"rendered":""},"modified":"2024-08-15T15:52:30","modified_gmt":"2024-08-15T13:52:30","slug":"pdi-2021-te-tengo-el-plan","status":"publish","type":"post","link":"https:\/\/vicerrectorias.utp.edu.co\/responsabilidad-social\/pdi-2021-te-tengo-el-plan\/","title":{"rendered":"PDI 2021 &#8211; Te tengo el plan"},"content":{"rendered":"\n<p><span class=\"post-content__span\"> <span>&nbsp;<strong>Feria Virtual \u201cAqu\u00ed Construimos Futuro\u201d<\/strong><\/span><\/p>\n\n\n\n<p><span class=\"post-content__span\"> <span>Te tengo el plan\u2026 Este 5 de noviembre a partir de las 9:00 de la ma\u00f1ana te invitamos a que asistas a nuestra&nbsp;<strong>Feria Virtual \u201cAqu\u00ed Construimos Futuro\u201d<\/strong>, evento que te dar\u00e1 a conocer mucha informaci\u00f3n, entretenimiento y muchos, pero fabulosos premios.<\/span><\/p>\n\n\n\n<p><span class=\"post-content__span\"> <object height=\"360\" width=\"500\"><param name=\"quality\" value=\"high\"><param name=\"allowScriptAccess\" value=\"always\"><param name=\"movie\" value=\"\/\/www.youtube.com\/v\/DaSE0JLy_CM?hl=es_CO&amp;version=3\"><param name=\"allowscriptaccess\" value=\"always\"><embed allowscriptaccess=\"always\" height=\"360\" quality=\"high\" src=\"\/\/www.youtube.com\/v\/DaSE0JLy_CM?hl=es_CO&amp;version=3\" type=\"application\/x-shockwave-flash\" width=\"500\"><\/object><\/p>\n\n\n\n<p><span class=\"post-content__span\"> <span>Participar es muy f\u00e1cil solo tienes darle clic en la imagen&nbsp; y&nbsp;visitar todos los stand en donde estaremos entregando informaci\u00f3n&nbsp;sobre nuestros pilares de gesti\u00f3n: Excelencia acad\u00e9mica para la formaci\u00f3n integral; Gesti\u00f3n del contexto y visibilidad nacional e internacional; Bienestar institucional calidad de vida e inclusi\u00f3n en contextos universitarios; Gesti\u00f3n y sostenibilidad institucional; Creaci\u00f3n, gesti\u00f3n y transferencia del conocimiento pero tambi\u00e9n sobre la Reacreditaci\u00f3n Institucional; los 60 a\u00f1os de la UTP, el C\u00f3digo de Buen Gobierno y recorrer nuestra muestra itinerante virtual, 60 Hitos que han marcado la historia de la planeaci\u00f3n institucional.&nbsp;<\/span><span>Ven acomp\u00e1\u00f1anos y divi\u00e9rtete en un d\u00eda que ser\u00e1 totalmente diferente, porque podr\u00e1s jugar y ganar premios en cada stand y los mejores souvenirs est\u00e1n reservados para las&nbsp;<\/span><strong>\u201cOlimpiada del PDI -Duelo de Titanes\u201d&nbsp;<\/strong><span>que iniciar\u00e1 a las&nbsp;11:20 de la ma\u00f1ana.&nbsp;<\/span><\/p>\n\n\n\n<figure class=\"wp-block-image\"><a href=\"https:\/\/bit.ly\/FeriaPDI2021\"><img decoding=\"async\" src=\"https:\/\/media2.utp.edu.co\/imagenes\/invitaciones-pegate-al-plan-07(1).jpg\" alt=\"\"\/><\/a><\/figure>\n\n\n\n<p><span class=\"post-content__span\"> <span><em><strong>Te esperamos\u2026 \u00a1no te la puedes perder!<\/strong><\/em><\/span><\/p>\n\n\n\n<p><span class=\"post-content__span\"> <span><em><strong>Porque #TodosConstruimosUTP<\/strong><\/em><\/span><\/p>\n","protected":false},"excerpt":{"rendered":"<p>&nbsp;Feria Virtual \u201cAqu\u00ed Construimos Futuro\u201d Te tengo el plan\u2026 Este 5 de noviembre a partir de las 9:00 de la [&hellip;]<\/p>\n","protected":false},"author":0,"featured_media":60628,"comment_status":"closed","ping_status":"closed","sticky":false,"template":"","format":"standard","meta":{"footnotes":""},"categories":[3],"tags":[],"class_list":["post-8101","post","type-post","status-publish","format-standard","has-post-thumbnail","hentry","category-noticias"],"_links":{"self":[{"href":"https:\/\/vicerrectorias.utp.edu.co\/responsabilidad-social\/wp-json\/wp\/v2\/posts\/8101","targetHints":{"allow":["GET"]}}],"collection":[{"href":"https:\/\/vicerrectorias.utp.edu.co\/responsabilidad-social\/wp-json\/wp\/v2\/posts"}],"about":[{"href":"https:\/\/vicerrectorias.utp.edu.co\/responsabilidad-social\/wp-json\/wp\/v2\/types\/post"}],"replies":[{"embeddable":true,"href":"https:\/\/vicerrectorias.utp.edu.co\/responsabilidad-social\/wp-json\/wp\/v2\/comments?post=8101"}],"version-history":[{"count":1,"href":"https:\/\/vicerrectorias.utp.edu.co\/responsabilidad-social\/wp-json\/wp\/v2\/posts\/8101\/revisions"}],"predecessor-version":[{"id":8830,"href":"https:\/\/vicerrectorias.utp.edu.co\/responsabilidad-social\/wp-json\/wp\/v2\/posts\/8101\/revisions\/8830"}],"wp:featuredmedia":[{"embeddable":true,"href":"https:\/\/vicerrectorias.utp.edu.co\/responsabilidad-social\/wp-json\/wp\/v2\/media\/60628"}],"wp:attachment":[{"href":"https:\/\/vicerrectorias.utp.edu.co\/responsabilidad-social\/wp-json\/wp\/v2\/media?parent=8101"}],"wp:term":[{"taxonomy":"category","embeddable":true,"href":"https:\/\/vicerrectorias.utp.edu.co\/responsabilidad-social\/wp-json\/wp\/v2\/categories?post=8101"},{"taxonomy":"post_tag","embeddable":true,"href":"https:\/\/vicerrectorias.utp.edu.co\/responsabilidad-social\/wp-json\/wp\/v2\/tags?post=8101"}],"curies":[{"name":"wp","href":"https:\/\/api.w.org\/{rel}","templated":true}]}}