{"id":8071,"date":"2021-10-21T10:47:47","date_gmt":"2021-10-21T08:47:47","guid":{"rendered":""},"modified":"2024-08-16T13:46:58","modified_gmt":"2024-08-16T11:46:58","slug":"el-mega-cable-llega-al-campus-universitario","status":"publish","type":"post","link":"https:\/\/vicerrectorias.utp.edu.co\/responsabilidad-social\/el-mega-cable-llega-al-campus-universitario\/","title":{"rendered":"El Mega Cable llega al campus Universitario"},"content":{"rendered":"\n<p><span class=\"post-content__span\"> <span><strong>EL MEGA CABLE COMO INTEGRACI\u00d3N SOCIAL Y MOVILIDAD SOSTENIBLE<\/strong><\/span><\/p>\n\n\n\n<figure class=\"wp-block-image\"><img decoding=\"async\" src=\"https:\/\/media2.utp.edu.co\/imagenes\/WhatsApp%20Image%202021-10-15%20at%205.27.43%20PM.jpeg\" alt=\"\"\/><\/figure>\n\n\n\n<p><span class=\"post-content__span\"> <span>La Alcald\u00eda de Pereira puso en funcionamiento la tercera estaci\u00f3n del Sistema de Transporte Masivo Mega Cable, la cual se encuentra ubicada en la Universidad Tecnol\u00f3gica de Pereira,&nbsp; sector de la Julita.&nbsp;Este esfuerzo de ciudad&nbsp;beneficiara&nbsp;alrededor de 8.000 estudiantes, que hacen parte de la comunidad educativa de la Instituci\u00f3n.<\/span><\/p>\n\n\n\n<p><span class=\"post-content__span\"> <span>En medio de su intervenci\u00f3n el Alcalde de Pereira, Carlos Maya L\u00f3pez, resalt\u00f3 la importancia de contar con este tipo de transporte para la ciudad y para los estudiantes, quienes ahora acortar\u00e1n sus tiempos de desplazamientos.<\/span><\/p>\n\n\n\n<p><span class=\"post-content__span\"> <span>\u201cLa puesta en marcha de esta estaci\u00f3n va a garantizar a los estudiantes poder llegar al campus universitario sin ning\u00fan contratiempo, al tener conexi\u00f3n con la estaci\u00f3n del Parque Olaya, Las Brisas y Terminal, agilizar\u00e1 el transporte para estudiantes que se desplazan desde zonas un poco m\u00e1s alejadas de la ciudad, incluso desde otros municipios de Risaralda\u201d, agreg\u00f3 el mandatario local.<\/span><\/p>\n\n\n\n<p><span class=\"post-content__span\"> <span>Por su parte el Vicerrector Acad\u00e9mico de la Universidad Tecnol\u00f3gica de Pereira,&nbsp;&nbsp;Jhoniers Gilberto Guerrero Erazo, resalt\u00f3 la&nbsp; mejora en la calidad de vida de los estudiantes y la comunidad aleda\u00f1a a la instituci\u00f3n ya que al contar con este servicio de transporte \u201ces una buena alternativa para quienes quieran llegar a la instituci\u00f3n a realizar actividades educativas, de recreaci\u00f3n o deportivas y es un orgullo igualmente para nosotros poder recibir tanto a propios como turistas en nuestras instalaciones\u201d argument\u00f3 el funcionario.<\/span><\/p>\n\n\n\n<p><span class=\"post-content__span\"> <span>As\u00ed mismo el Alcalde Maya, destac\u00f3 que este sistema de transporte tambi\u00e9n se convierte en un atractivo tur\u00edstico m\u00e1s de la ciudad y con la puesta en marcha de la estaci\u00f3n Universidad, se puede aprovechar los sitios tur\u00edsticos que ofrece la instituci\u00f3n educativa, como es el caso del Jard\u00edn Bot\u00e1nico, los escenarios deportivos, estos \u00faltimos siendo usados para actividades como campeonatos regionales y nacionales, as\u00ed como tambi\u00e9n el planetario y la biblioteca Jorge Roa Mart\u00ednez.<\/span><\/p>\n\n\n\n<p><span class=\"post-content__span\"> <span>\u201cEl sistema de cable a\u00e9reo de Pereira, tiene dentro de sus objetivos tambi\u00e9n promover la reactivaci\u00f3n del turismo en la ciudad, por ello inicialmente le asociamos al cable las aves m\u00e1s importantes y significativas del departamento y de Pereira. Tambi\u00e9n las instalaciones de la universidad para que sean visitadas por los turistas\u201d, agreg\u00f3 el Alcalde.<\/span><\/p>\n\n\n\n<p><span class=\"post-content__span\"> <\/p>\n\n\n\n<div class=\"wp-block-columns are-vertically-aligned-center is-layout-flex wp-container-core-columns-is-layout-9d6595d7 wp-block-columns-is-layout-flex\">\n<div class=\"wp-block-column is-vertically-aligned-center is-layout-flow wp-block-column-is-layout-flow\">\n<figure class=\"wp-block-image\"><img decoding=\"async\" src=\"https:\/\/media2.utp.edu.co\/imagenes\/WhatsApp%20Image%202021-10-21%20at%2010.43.14%20AM%20(1).jpeg\" alt=\"\"\/><\/figure>\n<\/div>\n\n\n\n<div class=\"wp-block-column is-vertically-aligned-center is-layout-flow wp-block-column-is-layout-flow\">\n<figure class=\"wp-block-image\"><img decoding=\"async\" src=\"https:\/\/media2.utp.edu.co\/imagenes\/WhatsApp%20Image%202021-10-21%20at%2010.43.14%20AM%20(2).jpeg\" alt=\"\"\/><\/figure>\n<\/div>\n<\/div>\n","protected":false},"excerpt":{"rendered":"<p>EL MEGA CABLE COMO INTEGRACI\u00d3N SOCIAL Y MOVILIDAD SOSTENIBLE La Alcald\u00eda de Pereira puso en funcionamiento la tercera estaci\u00f3n del [&hellip;]<\/p>\n","protected":false},"author":0,"featured_media":60624,"comment_status":"closed","ping_status":"closed","sticky":false,"template":"","format":"standard","meta":{"footnotes":""},"categories":[3],"tags":[],"class_list":["post-8071","post","type-post","status-publish","format-standard","has-post-thumbnail","hentry","category-noticias"],"_links":{"self":[{"href":"https:\/\/vicerrectorias.utp.edu.co\/responsabilidad-social\/wp-json\/wp\/v2\/posts\/8071","targetHints":{"allow":["GET"]}}],"collection":[{"href":"https:\/\/vicerrectorias.utp.edu.co\/responsabilidad-social\/wp-json\/wp\/v2\/posts"}],"about":[{"href":"https:\/\/vicerrectorias.utp.edu.co\/responsabilidad-social\/wp-json\/wp\/v2\/types\/post"}],"replies":[{"embeddable":true,"href":"https:\/\/vicerrectorias.utp.edu.co\/responsabilidad-social\/wp-json\/wp\/v2\/comments?post=8071"}],"version-history":[{"count":2,"href":"https:\/\/vicerrectorias.utp.edu.co\/responsabilidad-social\/wp-json\/wp\/v2\/posts\/8071\/revisions"}],"predecessor-version":[{"id":60952,"href":"https:\/\/vicerrectorias.utp.edu.co\/responsabilidad-social\/wp-json\/wp\/v2\/posts\/8071\/revisions\/60952"}],"wp:featuredmedia":[{"embeddable":true,"href":"https:\/\/vicerrectorias.utp.edu.co\/responsabilidad-social\/wp-json\/wp\/v2\/media\/60624"}],"wp:attachment":[{"href":"https:\/\/vicerrectorias.utp.edu.co\/responsabilidad-social\/wp-json\/wp\/v2\/media?parent=8071"}],"wp:term":[{"taxonomy":"category","embeddable":true,"href":"https:\/\/vicerrectorias.utp.edu.co\/responsabilidad-social\/wp-json\/wp\/v2\/categories?post=8071"},{"taxonomy":"post_tag","embeddable":true,"href":"https:\/\/vicerrectorias.utp.edu.co\/responsabilidad-social\/wp-json\/wp\/v2\/tags?post=8071"}],"curies":[{"name":"wp","href":"https:\/\/api.w.org\/{rel}","templated":true}]}}