{"id":8061,"date":"2021-10-21T10:19:41","date_gmt":"2021-10-21T08:19:41","guid":{"rendered":""},"modified":"2024-08-15T15:52:30","modified_gmt":"2024-08-15T13:52:30","slug":"protocolo-de-bioseguridad-covid-19-utp","status":"publish","type":"post","link":"https:\/\/vicerrectorias.utp.edu.co\/responsabilidad-social\/protocolo-de-bioseguridad-covid-19-utp\/","title":{"rendered":"Protocolo de Bioseguridad COVID-19 UTP"},"content":{"rendered":"\n<p><span class=\"post-content__span\"> <span><strong>PROTOCOLO DE BIOSEGURIDAD UNIVERSIDAD TECNOL\u00d3GICA DE PEREIRA COMUNIDAD ESTUDIANTIL.<\/strong><\/span><\/p>\n\n\n\n<figure class=\"wp-block-image\"><img decoding=\"async\" src=\"https:\/\/media2.utp.edu.co\/imagenes\/WhatsApp%20Image%202021-10-15%20at%205.07.18%20PM.jpeg\" alt=\"\"\/><\/figure>\n\n\n\n<p><span class=\"post-content__span\"> <span>La Universidad Tecnol\u00f3gica de Pereira alentar\u00e1 a sus estudiantes para que se protejan y minimicen el riesgo de contagio, por tal raz\u00f3n se realiz\u00f3 un seguimiento a los estudiantes que reportaron <strong>NO<\/strong> querer vacunarse, sin exigirles que reciban la vacuna.<\/span><\/p>\n\n\n\n<p><span class=\"post-content__span\"> <span><strong>Marco legal:<\/strong><\/span><\/p>\n\n\n\n<p><span class=\"post-content__span\"> <span>Resoluci\u00f3n 777 del 2 de junio del 2021 y todos los protocolos que la universidad establezca en relaci\u00f3n con lo asociado a la bioseguridad. As\u00ed como tambi\u00e9n los protocolos emitidos por el Ministerio de Salud y la Protecci\u00f3n Social mientras dure la situaci\u00f3n de emergencia sanitaria.<\/span><\/p>\n\n\n\n<p><span class=\"post-content__span\"> <span>Articulo 5 Retorno a las actividades laborales, contractuales y educativas de manera presencial<\/span><\/p>\n\n\n\n<p><span class=\"post-content__span\"> <span><strong>Objetivo:<\/strong><\/span><\/p>\n\n\n\n<p><span class=\"post-content__span\"> <span>Establecer lineamientos para los estudiantes que no desean vacunarse, con el fin de tomar medidas para la preservaci\u00f3n, control, seguimiento y mitigaci\u00f3n del riesgo a causa del COVID-19, sin afectar la continuidad de sus actividades acad\u00e9micas.<\/span><\/p>\n\n\n\n<p><span class=\"post-content__span\"> <span><strong>Alcance:<\/strong><\/span><\/p>\n\n\n\n<p><span class=\"post-content__span\"> <span>&nbsp;Estudiantes que no desean vacunarse<\/span><\/p>\n\n\n\n<p><span class=\"post-content__span\"> <span><strong>Condiciones generales:<\/strong><\/span><\/p>\n\n\n\n<ul class=\"wp-block-list\"><li><span>Conocer el listado de estudiantes que han expresado su posici\u00f3n de no querer vacunarse y los cuales deben reportar esta decisi\u00f3n en la<em><strong> <a href=\"https:\/\/forms.gle\/7ShVFxaj7SVKwP8g6\">encuesta de vacunaci\u00f3n<\/a>&nbsp;<\/strong><\/em><\/span><\/li><li><span>Realizar una encuesta donde se recolecte la informaci\u00f3n sobre el por qu\u00e9 no desea vacunarse el estudiante para tener mejor claridad al respecto.<\/span><\/li><li><span>El estudiante deber\u00e1 diligenciar el consentimiento informado del Ministerio de Salud y la Protecci\u00f3n Social donde indica que no desea ponerse la vacuna e inmediatamente enviar a la auxiliar administrativa del programa acad\u00e9mico:<a href=\"https:\/\/mivacuna.sispro.gov.co\/MiVacuna?v1\"> <em><strong>Consentimiento Informado<\/strong><\/em><\/a><\/span><\/li><li><span>Se realizar\u00e1 un componente educativo, sobre las vacunas, las ventajas y diferentes aspectos que estas poseen mediante toda la estrategia de comunicaciones (redes sociales, lives, etc.)<\/span><\/li><li><span>Es un deber del estudiante, cumplir con las normas de bioseguridad, ya sea en la calle, universidad o espacios p\u00fablicos.<\/span><\/li><li><span>La aplicaci\u00f3n de protocolos de bioseguridad, como el lavado de manos, el uso de elementos de protecci\u00f3n como el tapabocas y el distanciamiento f\u00edsico, seguir\u00e1n siendo indispensables para la contenci\u00f3n de la propagaci\u00f3n del virus.<\/span><\/li><li><span>Cualquier estudiante de la comunidad universitaria que presente sintomatolog\u00eda <strong>NO<\/strong> deber\u00e1 asistir a la Universidad de forma presencial y deber\u00e1 reportarlo a la Vicerrector\u00eda de Responsabilidad Social y Bienestar Universitario (<em><strong><a href=\"mailto:coordinacionsalud@utp.edu.co\">coordinacionsalud@utp.edu.co<\/a>)<\/strong><\/em> y a su programa acad\u00e9mico.<\/span><\/li><li><span>Se hace necesario generar una cultura de prevenci\u00f3n, haciendo \u00e9nfasis en el autocuidado, el cuidado del otro y la responsabilidad individual en reportar de forma veraz, clara y consistente, el real estado de salud, antes de ingresar al campus universitario<\/span><\/li><\/ul>\n","protected":false},"excerpt":{"rendered":"<p>PROTOCOLO DE BIOSEGURIDAD UNIVERSIDAD TECNOL\u00d3GICA DE PEREIRA COMUNIDAD ESTUDIANTIL. La Universidad Tecnol\u00f3gica de Pereira alentar\u00e1 a sus estudiantes para que [&hellip;]<\/p>\n","protected":false},"author":0,"featured_media":60623,"comment_status":"closed","ping_status":"closed","sticky":false,"template":"","format":"standard","meta":{"footnotes":""},"categories":[3],"tags":[],"class_list":["post-8061","post","type-post","status-publish","format-standard","has-post-thumbnail","hentry","category-noticias"],"_links":{"self":[{"href":"https:\/\/vicerrectorias.utp.edu.co\/responsabilidad-social\/wp-json\/wp\/v2\/posts\/8061","targetHints":{"allow":["GET"]}}],"collection":[{"href":"https:\/\/vicerrectorias.utp.edu.co\/responsabilidad-social\/wp-json\/wp\/v2\/posts"}],"about":[{"href":"https:\/\/vicerrectorias.utp.edu.co\/responsabilidad-social\/wp-json\/wp\/v2\/types\/post"}],"replies":[{"embeddable":true,"href":"https:\/\/vicerrectorias.utp.edu.co\/responsabilidad-social\/wp-json\/wp\/v2\/comments?post=8061"}],"version-history":[{"count":1,"href":"https:\/\/vicerrectorias.utp.edu.co\/responsabilidad-social\/wp-json\/wp\/v2\/posts\/8061\/revisions"}],"predecessor-version":[{"id":8836,"href":"https:\/\/vicerrectorias.utp.edu.co\/responsabilidad-social\/wp-json\/wp\/v2\/posts\/8061\/revisions\/8836"}],"wp:featuredmedia":[{"embeddable":true,"href":"https:\/\/vicerrectorias.utp.edu.co\/responsabilidad-social\/wp-json\/wp\/v2\/media\/60623"}],"wp:attachment":[{"href":"https:\/\/vicerrectorias.utp.edu.co\/responsabilidad-social\/wp-json\/wp\/v2\/media?parent=8061"}],"wp:term":[{"taxonomy":"category","embeddable":true,"href":"https:\/\/vicerrectorias.utp.edu.co\/responsabilidad-social\/wp-json\/wp\/v2\/categories?post=8061"},{"taxonomy":"post_tag","embeddable":true,"href":"https:\/\/vicerrectorias.utp.edu.co\/responsabilidad-social\/wp-json\/wp\/v2\/tags?post=8061"}],"curies":[{"name":"wp","href":"https:\/\/api.w.org\/{rel}","templated":true}]}}