{"id":8041,"date":"2021-10-21T20:02:46","date_gmt":"2021-10-21T18:02:46","guid":{"rendered":""},"modified":"2024-08-15T15:52:30","modified_gmt":"2024-08-15T13:52:30","slug":"acuerdos-culturales-colectivos-estudiantiles","status":"publish","type":"post","link":"https:\/\/vicerrectorias.utp.edu.co\/responsabilidad-social\/acuerdos-culturales-colectivos-estudiantiles\/","title":{"rendered":"Acuerdos culturales &#8211; colectivos estudiantiles"},"content":{"rendered":"\n<p><span class=\"post-content__span\"> <span>El 15 de octubre del 2021 la Se\u00f1ora Vicerrectora de Responsabilidad Social y su equipo de trabajo se reunieron presencialmente con los estudiantes Valentina Zapata y Kevin Tamayo representantes del colectivo estudiantil el Tortazo con el fin de retomar nuevamente la&nbsp;articulaci\u00f3n de construcci\u00f3n participativa y colectiva en el marco del fortalecimiento Cultural UTP,&nbsp;brindandole a la comunidad universitaria UTP&nbsp;una oferta amplia en sus procesos formativos, de expresi\u00f3n cultural, entretenimiento y&nbsp; a su vez la resignificaci\u00f3n de los espacios.<\/span><\/p>\n\n\n\n<p><span class=\"post-content__span\"> <span>De acuerdo a lo anterior se acordaron los siguientes lineamientos a cumplir por parte del colectivo Tortazo:<\/span><\/p>\n\n\n\n<ul class=\"wp-block-list\"><li><span>Dar cumplimiento a las reglamentaciones internas que refieren a los c\u00f3digos de conducta y convivencia institucional (Art\u00edculo 118 del reglamento estudiantil del a\u00f1o 2012).<\/span><\/li><li><span>Seguir los protocolos para el uso y manejo de los activos fijos e inventarios de bienes p\u00fablicos.<\/span><\/li><li><span>Dar uso adecuado del inventario asignado en pr\u00e9stamo , en lo entendido que la responsabilidad del uso del mismo es compartida con quien porte la custodia.<\/span><\/li><li><span>Seguir los lineamientos establecidos en el formato de pr\u00e9stamo de equipos de amplificaci\u00f3n.<\/span><\/li><li><span>Dar cumplimiento a los acuerdos y resoluciones establecidas institucionalmente relacionadas con: Derechos Humanos, Equidad de G\u00e9nero, pol\u00edtica de Inclusi\u00f3n con \u00e9nfasis en discapacidad y dem\u00e1s asuntos en el marco de garant\u00eda de derechos.<\/span><\/li><li><span>Deber\u00e1 en todo caso, respetarse en lo absoluto los precedentes normativos relacionados con las zonas libres de Humo y tabaco, de consumo de bebidas alcoh\u00f3licas y respeto a la inclusi\u00f3n de todas las diversidades.<\/span><\/li><li><span>Socializar el plan de actividades donde se incluya aspectos formativos, encuentros, festivales y la programaci\u00f3n semanal.<\/span><\/li><li><span>Es necesario que el colectivo promueva acciones que involucren grupos de inter\u00e9s que de manera indirecta o directa incidan en el tortazo.<\/span><\/li><li><span>Promover que&nbsp;la estrategia el tortazo se pueda descentralizar a otros espacios de la universidad como medida de resginificaci\u00f3n del espacio cultural&nbsp;dentro del campus universitario.<\/span><\/li><\/ul>\n\n\n\n<figure class=\"wp-block-image\"><img decoding=\"async\" src=\"https:\/\/media2.utp.edu.co\/imagenes\/alianza%20cultural.jpeg\" alt=\"\"\/><\/figure>\n\n\n\n<p><span class=\"post-content__span\"> <span><em><strong>#todosconstruimoscultura<\/strong><\/em><\/span><\/p>\n","protected":false},"excerpt":{"rendered":"<p>El 15 de octubre del 2021 la Se\u00f1ora Vicerrectora de Responsabilidad Social y su equipo de trabajo se reunieron presencialmente [&hellip;]<\/p>\n","protected":false},"author":0,"featured_media":60621,"comment_status":"closed","ping_status":"closed","sticky":false,"template":"","format":"standard","meta":{"footnotes":""},"categories":[3],"tags":[],"class_list":["post-8041","post","type-post","status-publish","format-standard","has-post-thumbnail","hentry","category-noticias"],"_links":{"self":[{"href":"https:\/\/vicerrectorias.utp.edu.co\/responsabilidad-social\/wp-json\/wp\/v2\/posts\/8041","targetHints":{"allow":["GET"]}}],"collection":[{"href":"https:\/\/vicerrectorias.utp.edu.co\/responsabilidad-social\/wp-json\/wp\/v2\/posts"}],"about":[{"href":"https:\/\/vicerrectorias.utp.edu.co\/responsabilidad-social\/wp-json\/wp\/v2\/types\/post"}],"replies":[{"embeddable":true,"href":"https:\/\/vicerrectorias.utp.edu.co\/responsabilidad-social\/wp-json\/wp\/v2\/comments?post=8041"}],"version-history":[{"count":1,"href":"https:\/\/vicerrectorias.utp.edu.co\/responsabilidad-social\/wp-json\/wp\/v2\/posts\/8041\/revisions"}],"predecessor-version":[{"id":8834,"href":"https:\/\/vicerrectorias.utp.edu.co\/responsabilidad-social\/wp-json\/wp\/v2\/posts\/8041\/revisions\/8834"}],"wp:featuredmedia":[{"embeddable":true,"href":"https:\/\/vicerrectorias.utp.edu.co\/responsabilidad-social\/wp-json\/wp\/v2\/media\/60621"}],"wp:attachment":[{"href":"https:\/\/vicerrectorias.utp.edu.co\/responsabilidad-social\/wp-json\/wp\/v2\/media?parent=8041"}],"wp:term":[{"taxonomy":"category","embeddable":true,"href":"https:\/\/vicerrectorias.utp.edu.co\/responsabilidad-social\/wp-json\/wp\/v2\/categories?post=8041"},{"taxonomy":"post_tag","embeddable":true,"href":"https:\/\/vicerrectorias.utp.edu.co\/responsabilidad-social\/wp-json\/wp\/v2\/tags?post=8041"}],"curies":[{"name":"wp","href":"https:\/\/api.w.org\/{rel}","templated":true}]}}