{"id":8031,"date":"2021-10-12T15:59:32","date_gmt":"2021-10-12T13:59:32","guid":{"rendered":""},"modified":"2024-08-15T14:37:04","modified_gmt":"2024-08-15T12:37:04","slug":"atencion-presencial-jovenes-en-accion","status":"publish","type":"post","link":"https:\/\/vicerrectorias.utp.edu.co\/responsabilidad-social\/atencion-presencial-jovenes-en-accion\/","title":{"rendered":"Atenci\u00f3n Presencial J\u00f3venes en Acci\u00f3n"},"content":{"rendered":"\n<p><span class=\"post-content__span\"> <strong>ATENCI\u00d3N PRESENCIAL<\/strong><\/p>\n\n\n\n<p><span class=\"post-content__span\"> Se le informa a la comunidad universitaria que el programa de J\u00f3venes en Acci\u00f3n de la Universidad Tecnol\u00f3gica de Pereira, informa desde el 11 de octubre de 2021, estar\u00e1 laborando de manera presencial.&nbsp;<\/p>\n\n\n<div class=\"wp-block-image\">\n<figure class=\"aligncenter\"><img decoding=\"async\" src=\"https:\/\/media2.utp.edu.co\/imagenes\/242713776_4331752473603909_755688035113215933_n.jpeg\" alt=\"\"\/><\/figure>\n<\/div>\n\n\n<p><span class=\"post-content__span\"> Tambi\u00e9n nos pueden contactar a trav\u00e9s de los tel\u00e9fonos: 3137300 ext. 7768 &#8211; 7567<\/p>\n","protected":false},"excerpt":{"rendered":"<p>ATENCI\u00d3N PRESENCIAL Se le informa a la comunidad universitaria que el programa de J\u00f3venes en Acci\u00f3n de la Universidad Tecnol\u00f3gica [&hellip;]<\/p>\n","protected":false},"author":0,"featured_media":60620,"comment_status":"closed","ping_status":"closed","sticky":false,"template":"","format":"standard","meta":{"footnotes":""},"categories":[3],"tags":[],"class_list":["post-8031","post","type-post","status-publish","format-standard","has-post-thumbnail","hentry","category-noticias"],"_links":{"self":[{"href":"https:\/\/vicerrectorias.utp.edu.co\/responsabilidad-social\/wp-json\/wp\/v2\/posts\/8031","targetHints":{"allow":["GET"]}}],"collection":[{"href":"https:\/\/vicerrectorias.utp.edu.co\/responsabilidad-social\/wp-json\/wp\/v2\/posts"}],"about":[{"href":"https:\/\/vicerrectorias.utp.edu.co\/responsabilidad-social\/wp-json\/wp\/v2\/types\/post"}],"replies":[{"embeddable":true,"href":"https:\/\/vicerrectorias.utp.edu.co\/responsabilidad-social\/wp-json\/wp\/v2\/comments?post=8031"}],"version-history":[{"count":2,"href":"https:\/\/vicerrectorias.utp.edu.co\/responsabilidad-social\/wp-json\/wp\/v2\/posts\/8031\/revisions"}],"predecessor-version":[{"id":8839,"href":"https:\/\/vicerrectorias.utp.edu.co\/responsabilidad-social\/wp-json\/wp\/v2\/posts\/8031\/revisions\/8839"}],"wp:featuredmedia":[{"embeddable":true,"href":"https:\/\/vicerrectorias.utp.edu.co\/responsabilidad-social\/wp-json\/wp\/v2\/media\/60620"}],"wp:attachment":[{"href":"https:\/\/vicerrectorias.utp.edu.co\/responsabilidad-social\/wp-json\/wp\/v2\/media?parent=8031"}],"wp:term":[{"taxonomy":"category","embeddable":true,"href":"https:\/\/vicerrectorias.utp.edu.co\/responsabilidad-social\/wp-json\/wp\/v2\/categories?post=8031"},{"taxonomy":"post_tag","embeddable":true,"href":"https:\/\/vicerrectorias.utp.edu.co\/responsabilidad-social\/wp-json\/wp\/v2\/tags?post=8031"}],"curies":[{"name":"wp","href":"https:\/\/api.w.org\/{rel}","templated":true}]}}