{"id":7991,"date":"2021-09-23T20:12:42","date_gmt":"2021-09-23T18:12:42","guid":{"rendered":""},"modified":"2024-08-15T15:52:30","modified_gmt":"2024-08-15T13:52:30","slug":"comunicado-jovenes-en-accion-utp","status":"publish","type":"post","link":"https:\/\/vicerrectorias.utp.edu.co\/responsabilidad-social\/comunicado-jovenes-en-accion-utp\/","title":{"rendered":"Comunicado J\u00f3venes en Acci\u00f3n UTP"},"content":{"rendered":"\n<p><span class=\"post-content__span\"> <span><em><strong>INCENTIVOS J\u00d3VENES&nbsp; EN ACCI\u00d3N<\/strong><\/em><\/span><\/p>\n\n\n\n<p><span class=\"post-content__span\"> <span>El equipo de trabajo del programa J\u00f3venes en Acci\u00f3n de la Universidad Tecnol\u00f3gica de Pereira, informa que, desde el nivel nacional,&nbsp; de 68 Universidades que pertenecen a este convenio, programaron la entrega de incentivos \u00fanicamente para 56 Universidades durante el mes de septiembre, de las cuales 32 recibir\u00e1n incentivo de Matr\u00edcula 2021-1; incentivo que recibieron los j\u00f3venes en acci\u00f3n de la Universidad Tecnol\u00f3gica de Pereira durante el mes de julio del 2021;&nbsp; 22 Universidades recibir\u00e1n incentivo de Permanencia y Excelencia 2021-1, incentivo que recibir\u00e1n los j\u00f3venes en acci\u00f3n de la Universidad Tecnol\u00f3gica de Pereira durante el mes de noviembre del 2021; 1 Universidad recibir\u00e1 incentivo de Permanencia y Excelencia 2020-1, incentivo que fue recibido por los j\u00f3venes en acci\u00f3n de la Universidad Tecnol\u00f3gica de Pereira en el mes de noviembre del 2020 y por \u00faltimo 1 Universidad recibir\u00e1 el incentivo de Permanencia y Excelencia 2020-2; incentivo que fue recibido por los j\u00f3venes en acci\u00f3n de la Universidad Tecnol\u00f3gica de Pereira en el mes de mayo del 2021.<\/span><\/p>\n\n\n\n<p><span class=\"post-content__span\"> <span>Igualmente se aclara que los j\u00f3venes en acci\u00f3n de las Universidades, reciben (4) incentivos en el a\u00f1o, (2) por semestre cursado, correspondiente a:&nbsp; Matr\u00edcula y Permanencia y Excelencia. A diferencia de los j\u00f3venes en Acci\u00f3n del SENA quienes reciben incentivos cada (2) meses por valor de ($200.000).<\/span><\/p>\n\n\n\n<p><span class=\"post-content__span\"> <span>Es importante enfatizar que el cronograma de reportes de cargues, es definido directamente por la Coordinaci\u00f3n Nacional y no por las Universidades; las cuales deben tener en cuenta los calendarios acad\u00e9micos para reportar la informaci\u00f3n. En este sentido, han programado la entrega del incentivo de Matr\u00edcula 2021-2 para el mes de diciembre de 2021.<\/span><\/p>\n\n\n\n<p><span class=\"post-content__span\"> <span><strong>Cualquier inquietud ser\u00e1 atendida por medio de los canales de comunicaci\u00f3n institucionales:<\/strong> <span><a href=\"https:\/\/jovenesenaccionutp@utp.edu.co\">jovenesenaccionutp@utp.edu.co<\/a><\/span>, mensaje interno en la p\u00e1gina de Facebook:<span> <a href=\"https:\/\/www.facebook.com\/UTPjovenesenaccion\">J\u00f3venes en Acci\u00f3n UTP<\/a>.<\/span><\/span><\/p>\n","protected":false},"excerpt":{"rendered":"<p>INCENTIVOS J\u00d3VENES&nbsp; EN ACCI\u00d3N El equipo de trabajo del programa J\u00f3venes en Acci\u00f3n de la Universidad Tecnol\u00f3gica de Pereira, informa [&hellip;]<\/p>\n","protected":false},"author":0,"featured_media":60616,"comment_status":"closed","ping_status":"closed","sticky":false,"template":"","format":"standard","meta":{"footnotes":""},"categories":[3],"tags":[],"class_list":["post-7991","post","type-post","status-publish","format-standard","has-post-thumbnail","hentry","category-noticias"],"_links":{"self":[{"href":"https:\/\/vicerrectorias.utp.edu.co\/responsabilidad-social\/wp-json\/wp\/v2\/posts\/7991","targetHints":{"allow":["GET"]}}],"collection":[{"href":"https:\/\/vicerrectorias.utp.edu.co\/responsabilidad-social\/wp-json\/wp\/v2\/posts"}],"about":[{"href":"https:\/\/vicerrectorias.utp.edu.co\/responsabilidad-social\/wp-json\/wp\/v2\/types\/post"}],"replies":[{"embeddable":true,"href":"https:\/\/vicerrectorias.utp.edu.co\/responsabilidad-social\/wp-json\/wp\/v2\/comments?post=7991"}],"version-history":[{"count":1,"href":"https:\/\/vicerrectorias.utp.edu.co\/responsabilidad-social\/wp-json\/wp\/v2\/posts\/7991\/revisions"}],"predecessor-version":[{"id":8844,"href":"https:\/\/vicerrectorias.utp.edu.co\/responsabilidad-social\/wp-json\/wp\/v2\/posts\/7991\/revisions\/8844"}],"wp:featuredmedia":[{"embeddable":true,"href":"https:\/\/vicerrectorias.utp.edu.co\/responsabilidad-social\/wp-json\/wp\/v2\/media\/60616"}],"wp:attachment":[{"href":"https:\/\/vicerrectorias.utp.edu.co\/responsabilidad-social\/wp-json\/wp\/v2\/media?parent=7991"}],"wp:term":[{"taxonomy":"category","embeddable":true,"href":"https:\/\/vicerrectorias.utp.edu.co\/responsabilidad-social\/wp-json\/wp\/v2\/categories?post=7991"},{"taxonomy":"post_tag","embeddable":true,"href":"https:\/\/vicerrectorias.utp.edu.co\/responsabilidad-social\/wp-json\/wp\/v2\/tags?post=7991"}],"curies":[{"name":"wp","href":"https:\/\/api.w.org\/{rel}","templated":true}]}}