{"id":7981,"date":"2021-09-23T12:31:27","date_gmt":"2021-09-23T10:31:27","guid":{"rendered":""},"modified":"2024-08-20T09:58:16","modified_gmt":"2024-08-20T07:58:16","slug":"listos-para-abrir-los-escenarios-deportivos-utp","status":"publish","type":"post","link":"https:\/\/vicerrectorias.utp.edu.co\/responsabilidad-social\/listos-para-abrir-los-escenarios-deportivos-utp\/","title":{"rendered":"Listos para abrir los escenarios deportivos UTP"},"content":{"rendered":"\n<p><span class=\"post-content__span\"> <span><em><strong>La Fase I de apertura de escenarios para miembros de la comunidad universitaria<\/strong><\/em><\/span><\/p>\n\n\n\n<figure class=\"wp-block-image\"><img decoding=\"async\" src=\"https:\/\/media2.utp.edu.co\/imagenes\/IMG_1293.JPG\" alt=\"\"\/><\/figure>\n\n\n\n<p><span class=\"post-content__span\"> <span><em><strong>Conozca fechas y condiciones de este retorno:<\/strong><\/em><\/span><\/p>\n\n\n\n<p><span class=\"post-content__span\"> <span>En tres fases se dividi\u00f3 el retorno progresivo y bio seguro para el uso de los escenarios deportivos de la Universidad Tecnol\u00f3gica de Pereira, como una de las principales y m\u00e1s comunes solicitudes de la comunidad acad\u00e9mica y externa que disfruta de las canchas, piscinas, pista atl\u00e9tica y otros espacios del Campus.<\/span><\/p>\n\n\n\n<p><span class=\"post-content__span\"> <span>La fase I que consist\u00eda en abrir las puertas para aquellos que practican deporte de tipo acad\u00e9mico (estudiantes), ya est\u00e1 funcionando desde el pasado mes de junio. La Fase II que contempla el deporte competitivo, es decir, deportistas, docentes y administrativos, empez\u00f3 el pasado 6 de septiembre y ahora viene la Fase III que es la apertura para aquellos que practican deporte recreativo, miembros de la comunidad UTP, del Centro de desarrollo F\u00edsico &#8211; CDF y comunidad externa y que empieza a funcionar el pr\u00f3ximo 21 de septiembre.<\/span><\/p>\n\n\n\n<p><span class=\"post-content__span\"> <span>Es importante considerar que para cualquier caso, la posibilidad de ingreso depender\u00e1 de los aforos que han sido definidos para cada uno de los escenarios, as\u00ed:<\/span><\/p>\n\n\n\n<figure class=\"wp-block-image\"><img decoding=\"async\" src=\"https:\/\/media2.utp.edu.co\/imagenes\/Imagen%201.png\" alt=\"\"\/><\/figure>\n\n\n\n<p><span class=\"post-content__span\"> <span>Tambi\u00e9n es fundamental tener presente que \u00abtemporalmente la pr\u00e1ctica de cada usuario del deporte recreativo (comunidad interna y externa), se realizar\u00e1 en los escenarios por un tiempo no mayor a 1 hora (60 minutos) por d\u00eda\u00bb, seg\u00fan se dica en el instructivo.<\/span><\/p>\n\n\n\n<p><span class=\"post-content__span\"> <span>As\u00ed mismo, se explica, entre otros requisitos y modalidades de acceso a los escenarios deportivos que, \u00abLos usuarios internos y externos, al ingresar al campus Universitario deben REGISTRARSE en la base de datos de la universidad. Este registro se realizar\u00e1 la primera vez que ingrese al campus, presentando su documento de identificaci\u00f3n y contar con su esquema de vacunaci\u00f3n completo (todas las dosis seg\u00fan la vacuna aplicada) y 14 d\u00edas despu\u00e9s de la \u00faltima vacuna o la expresi\u00f3n de voluntad de no aceptar el proceso de vacunaci\u00f3n (formato definido por el ministerio de salud).).&nbsp; Si no presentan ambos documentos no se podr\u00e1 hacer el registro, y, por lo tanto, no se permitir\u00e1 el ingreso al campus\u00bb.<\/span><\/p>\n\n\n\n<p><span class=\"post-content__span\"> <span>Al respecto, en todo caso, se aclar\u00f3 que quienes hayan manifestado que no quieren vacunarse, deber\u00e1n firmar un consentimiento informado como pre requisito para el ingreso.<\/span><\/p>\n\n\n\n<p><span class=\"post-content__span\"> <span>Finalmente se le informa a la comunidad universitaria que para algunos escenarios se debe de diligenciar la ficha de valoraci\u00f3n medica general y f\u00edsica la cual la puedes descargar aqu\u00ed:<\/span> <span><a href=\"https:\/\/media2.utp.edu.co\/archivos\/Formato%20par%20aimprimir%20Ficha%20Medica2021.pdf\">Ficha<\/a><\/span><\/p>\n\n\n\n<p><span class=\"post-content__span\"> <em><strong>REQUISITOA DE USO ESCENARIOS DEPORTIVOS<\/strong><\/em><\/p>\n\n\n\n<figure class=\"wp-block-image\"><img decoding=\"async\" src=\"https:\/\/media2.utp.edu.co\/imagenes\/WhatsApp%20Image%202021-09-22%20at%206.45.19%20PM.jpeg\" alt=\"\"\/><\/figure>\n\n\n\n<figure class=\"wp-block-image\"><img decoding=\"async\" src=\"https:\/\/media2.utp.edu.co\/imagenes\/WhatsApp%20Image%202021-09-22%20at%206.45.19%20PM%20(1).jpeg\" alt=\"\"\/><\/figure>\n\n\n\n<p><span class=\"post-content__span\"> <\/p>\n\n\n\n<div class=\"wp-block-columns is-layout-flex wp-container-core-columns-is-layout-9d6595d7 wp-block-columns-is-layout-flex\">\n<div class=\"wp-block-column is-layout-flow wp-block-column-is-layout-flow\">\n<figure class=\"wp-block-image\"><img decoding=\"async\" src=\"https:\/\/media2.utp.edu.co\/imagenes\/WhatsApp%20Image%202021-09-22%20at%206.45.19%20PM%20(2).jpeg\" alt=\"\"\/><\/figure>\n<\/div>\n\n\n\n<div class=\"wp-block-column is-layout-flow wp-block-column-is-layout-flow\">\n<figure class=\"wp-block-image\"><img decoding=\"async\" src=\"https:\/\/media2.utp.edu.co\/imagenes\/WhatsApp%20Image%202021-09-22%20at%206.45.19%20PM%20(3).jpeg\" alt=\"\"\/><\/figure>\n<\/div>\n<\/div>\n\n\n\n<div class=\"wp-block-columns is-layout-flex wp-container-core-columns-is-layout-9d6595d7 wp-block-columns-is-layout-flex\">\n<div class=\"wp-block-column is-layout-flow wp-block-column-is-layout-flow\">\n<figure class=\"wp-block-image\"><img decoding=\"async\" src=\"https:\/\/media2.utp.edu.co\/imagenes\/WhatsApp%20Image%202021-09-23%20at%2010.32.20%20AM.jpeg\" alt=\"\"\/><\/figure>\n<\/div>\n\n\n\n<div class=\"wp-block-column is-layout-flow wp-block-column-is-layout-flow\">\n<figure class=\"wp-block-image\"><img decoding=\"async\" src=\"https:\/\/media2.utp.edu.co\/imagenes\/WhatsApp%20Image%202021-09-22%20at%206.45.19%20PM%20(4).jpeg\" alt=\"\"\/><\/figure>\n<\/div>\n<\/div>\n\n\n\n<div class=\"wp-block-columns is-layout-flex wp-container-core-columns-is-layout-9d6595d7 wp-block-columns-is-layout-flex\">\n<div class=\"wp-block-column is-layout-flow wp-block-column-is-layout-flow\">\n<figure class=\"wp-block-image\"><img decoding=\"async\" src=\"https:\/\/media2.utp.edu.co\/imagenes\/WhatsApp%20Image%202021-09-22%20at%206.45.19%20PM%20(5).jpeg\" alt=\"\"\/><\/figure>\n<\/div>\n\n\n\n<div class=\"wp-block-column is-layout-flow wp-block-column-is-layout-flow\">\n<figure class=\"wp-block-image\"><img decoding=\"async\" src=\"https:\/\/media2.utp.edu.co\/imagenes\/WhatsApp%20Image%202021-09-22%20at%206.15.24%20PM.jpeg\" alt=\"\"\/><\/figure>\n<\/div>\n<\/div>\n\n\n\n<p><span class=\"post-content__span\"> <span>Para obtener mayor informaci\u00f3n y detalles de esa probabilidad de ingreso a los escenarios deportivos de la UTP, visite:<\/span><\/p>\n\n\n\n<ul class=\"wp-block-list\">\n<li><span><a href=\"https:\/\/www2.utp.edu.co\/vicerrectoria\/responsabilidad-social\/manual-de-uso-y-ficha-tecnica.html\">https:\/\/www2.utp.edu.co\/vicerrectoria\/responsabilidad-social\/manual-de-uso-y-ficha-tecnica.html<\/a><\/span><\/li>\n\n\n\n<li><span><a href=\"https:\/\/media2.utp.edu.co\/archivos\/INST.%20RETORNO%20PRESENC.%20ESCENARIOSDEP%20SEPT15ERVISION%20VICE%281%29.pdf\">Instructivo\u00a0Escenarios Deportivos<\/a><\/span><\/li>\n<\/ul>\n","protected":false},"excerpt":{"rendered":"<p>La Fase I de apertura de escenarios para miembros de la comunidad universitaria Conozca fechas y condiciones de este retorno: [&hellip;]<\/p>\n","protected":false},"author":0,"featured_media":60615,"comment_status":"closed","ping_status":"closed","sticky":false,"template":"","format":"standard","meta":{"footnotes":""},"categories":[3],"tags":[],"class_list":["post-7981","post","type-post","status-publish","format-standard","has-post-thumbnail","hentry","category-noticias"],"_links":{"self":[{"href":"https:\/\/vicerrectorias.utp.edu.co\/responsabilidad-social\/wp-json\/wp\/v2\/posts\/7981","targetHints":{"allow":["GET"]}}],"collection":[{"href":"https:\/\/vicerrectorias.utp.edu.co\/responsabilidad-social\/wp-json\/wp\/v2\/posts"}],"about":[{"href":"https:\/\/vicerrectorias.utp.edu.co\/responsabilidad-social\/wp-json\/wp\/v2\/types\/post"}],"replies":[{"embeddable":true,"href":"https:\/\/vicerrectorias.utp.edu.co\/responsabilidad-social\/wp-json\/wp\/v2\/comments?post=7981"}],"version-history":[{"count":2,"href":"https:\/\/vicerrectorias.utp.edu.co\/responsabilidad-social\/wp-json\/wp\/v2\/posts\/7981\/revisions"}],"predecessor-version":[{"id":61177,"href":"https:\/\/vicerrectorias.utp.edu.co\/responsabilidad-social\/wp-json\/wp\/v2\/posts\/7981\/revisions\/61177"}],"wp:featuredmedia":[{"embeddable":true,"href":"https:\/\/vicerrectorias.utp.edu.co\/responsabilidad-social\/wp-json\/wp\/v2\/media\/60615"}],"wp:attachment":[{"href":"https:\/\/vicerrectorias.utp.edu.co\/responsabilidad-social\/wp-json\/wp\/v2\/media?parent=7981"}],"wp:term":[{"taxonomy":"category","embeddable":true,"href":"https:\/\/vicerrectorias.utp.edu.co\/responsabilidad-social\/wp-json\/wp\/v2\/categories?post=7981"},{"taxonomy":"post_tag","embeddable":true,"href":"https:\/\/vicerrectorias.utp.edu.co\/responsabilidad-social\/wp-json\/wp\/v2\/tags?post=7981"}],"curies":[{"name":"wp","href":"https:\/\/api.w.org\/{rel}","templated":true}]}}