{"id":7951,"date":"2021-09-06T14:38:58","date_gmt":"2021-09-06T12:38:58","guid":{"rendered":""},"modified":"2024-08-20T07:50:15","modified_gmt":"2024-08-20T05:50:15","slug":"formacion-musical-bienestar-institucional-utp","status":"publish","type":"post","link":"https:\/\/vicerrectorias.utp.edu.co\/responsabilidad-social\/formacion-musical-bienestar-institucional-utp\/","title":{"rendered":"Formaci\u00f3n Musical \u2013 Bienestar Institucional UTP"},"content":{"rendered":"\n<p><span class=\"post-content__span\"> <em><strong>FORMACI\u00d3N MUSICAL \u2013 BIENESTAR INSTITUCIONAL<\/strong><\/em><\/p>\n\n\n\n<p><span class=\"post-content__span\"> En el marco del bienestar institucional la Universidad Tecnol\u00f3gica de Pereira a trav\u00e9s de la Vicerrector\u00eda de Responsabilidad Social y Bienestar universitario en convenio con la Corporaci\u00f3n Regional Batuta Risaralda invita a la comunidad universitaria (Docentes administrativos y sus hijos) adem\u00e1s (Estudiantes con hijos matriculados en Casita Utepitos) a que se inscriban del 6 al 15 de septiembre de 2021 en los cursos y talleres musicales como:<\/p>\n\n\n\n<div class=\"wp-block-columns is-layout-flex wp-container-core-columns-is-layout-9d6595d7 wp-block-columns-is-layout-flex\">\n<div class=\"wp-block-column is-layout-flow wp-block-column-is-layout-flow\"><div class=\"wp-block-image\">\n<figure class=\"aligncenter\"><a href=\"https:\/\/forms.gle\/wKqD7HSyUmkYmHtz9\"><img decoding=\"async\" src=\"https:\/\/media2.utp.edu.co\/imagenes\/CASITA%20UTEPITOS.jpeg\" alt=\"\"\/><\/a><\/figure>\n<\/div><\/div>\n\n\n\n<div class=\"wp-block-column is-layout-flow wp-block-column-is-layout-flow\"><div class=\"wp-block-image\">\n<figure class=\"aligncenter\"><a href=\"https:\/\/forms.gle\/wKqD7HSyUmkYmHtz9\"><img decoding=\"async\" src=\"https:\/\/media2.utp.edu.co\/imagenes\/CURSOS%20MUSICALES%20HIJOS.jpeg\" alt=\"\"\/><\/a><\/figure>\n<\/div><\/div>\n<\/div>\n\n\n<div class=\"wp-block-image\">\n<figure class=\"aligncenter\"><a href=\"https:\/\/forms.gle\/wKqD7HSyUmkYmHtz9\"><img decoding=\"async\" src=\"https:\/\/media2.utp.edu.co\/imagenes\/FORMACIO%CC%81N%20MUSICAL%20DOC%20-%20ADMO.jpeg\" alt=\"\"\/><\/a><\/figure>\n<\/div>\n\n\n<p><span class=\"post-content__span\"> Esta alianza&nbsp;permitir\u00e1 generar un espacio de formaci\u00f3n integral y mejorar calidad de vida no solo de usted sino de su n\u00facleo familias, solo porque en la UTP el bienestar de la comunidad UTP es la prioridad.<\/p>\n","protected":false},"excerpt":{"rendered":"<p>FORMACI\u00d3N MUSICAL \u2013 BIENESTAR INSTITUCIONAL En el marco del bienestar institucional la Universidad Tecnol\u00f3gica de Pereira a trav\u00e9s de la [&hellip;]<\/p>\n","protected":false},"author":0,"featured_media":60612,"comment_status":"closed","ping_status":"closed","sticky":false,"template":"","format":"standard","meta":{"footnotes":""},"categories":[3],"tags":[],"class_list":["post-7951","post","type-post","status-publish","format-standard","has-post-thumbnail","hentry","category-noticias"],"_links":{"self":[{"href":"https:\/\/vicerrectorias.utp.edu.co\/responsabilidad-social\/wp-json\/wp\/v2\/posts\/7951","targetHints":{"allow":["GET"]}}],"collection":[{"href":"https:\/\/vicerrectorias.utp.edu.co\/responsabilidad-social\/wp-json\/wp\/v2\/posts"}],"about":[{"href":"https:\/\/vicerrectorias.utp.edu.co\/responsabilidad-social\/wp-json\/wp\/v2\/types\/post"}],"replies":[{"embeddable":true,"href":"https:\/\/vicerrectorias.utp.edu.co\/responsabilidad-social\/wp-json\/wp\/v2\/comments?post=7951"}],"version-history":[{"count":3,"href":"https:\/\/vicerrectorias.utp.edu.co\/responsabilidad-social\/wp-json\/wp\/v2\/posts\/7951\/revisions"}],"predecessor-version":[{"id":61048,"href":"https:\/\/vicerrectorias.utp.edu.co\/responsabilidad-social\/wp-json\/wp\/v2\/posts\/7951\/revisions\/61048"}],"wp:featuredmedia":[{"embeddable":true,"href":"https:\/\/vicerrectorias.utp.edu.co\/responsabilidad-social\/wp-json\/wp\/v2\/media\/60612"}],"wp:attachment":[{"href":"https:\/\/vicerrectorias.utp.edu.co\/responsabilidad-social\/wp-json\/wp\/v2\/media?parent=7951"}],"wp:term":[{"taxonomy":"category","embeddable":true,"href":"https:\/\/vicerrectorias.utp.edu.co\/responsabilidad-social\/wp-json\/wp\/v2\/categories?post=7951"},{"taxonomy":"post_tag","embeddable":true,"href":"https:\/\/vicerrectorias.utp.edu.co\/responsabilidad-social\/wp-json\/wp\/v2\/tags?post=7951"}],"curies":[{"name":"wp","href":"https:\/\/api.w.org\/{rel}","templated":true}]}}