{"id":7931,"date":"2021-08-23T13:05:34","date_gmt":"2021-08-23T11:05:34","guid":{"rendered":""},"modified":"2024-08-15T15:52:31","modified_gmt":"2024-08-15T13:52:31","slug":"apertura-del-sistema-de-solicitudes","status":"publish","type":"post","link":"https:\/\/vicerrectorias.utp.edu.co\/responsabilidad-social\/apertura-del-sistema-de-solicitudes\/","title":{"rendered":"Apertura del sistema de solicitudes"},"content":{"rendered":"\n<p><span class=\"post-content__span\"> <span><strong>Apertura del sistema de solicitudes de apoyos socioecon\u00f3micos 2021-2<\/strong><\/span><\/p>\n\n\n\n<figure class=\"wp-block-image\"><img decoding=\"async\" src=\"https:\/\/media2.utp.edu.co\/imagenes\/WhatsApp%20Image%202021-08-23%20at%2011.30.23%20AM.jpeg\" alt=\"\"\/><\/figure>\n\n\n\n<p><span class=\"post-content__span\"> <span>La Vicerrector\u00eda de Responsabilidad Social y Bienestar Universitario &#8211; Promoci\u00f3n Social, da a conocer las fechas para que los estudiantes nuevos, antiguos y reingresos de todos los programas, incluidos Medicina nuevos y exceptuando Medicina antiguos, puedan realizar las solicitudes de apoyos socioecon\u00f3micos correspondientes al periodo 2021-2 que les puede aplicar.<\/span><\/p>\n\n\n\n<p><span class=\"post-content__span\"> <span><strong>Fecha de apertura del sistema: 24 de agosto del a\u00f1o 2021<\/strong><\/span><\/p>\n\n\n\n<p><span class=\"post-content__span\"> <span><strong>Fecha de cierre del sistema: 14 de septiembre del a\u00f1o 2021 (plazo m\u00e1ximo)<\/strong><\/span><\/p>\n\n\n\n<p><span class=\"post-content__span\"> <span><strong>TENER EN CUENTA:<\/strong><\/span><\/p>\n\n\n\n<ul class=\"wp-block-list\"><li><span>El sistema se habilita S\u00d3LO para los casos que deben renovar la solicitud por vencimiento de la vigencia del apoyo.<\/span><\/li><li><span>El sistema se habilita S\u00d3LO para los estudiantes nuevos, reingresos y antiguos que no cuenten con ning\u00fan tipo de apoyo, beca o apadrinamiento u subsidio y que, por sus condiciones socioecon\u00f3micas requieran realizar la solicitud.<\/span><\/li><li><span>Para el programa de Medicina antiguos no se habilita en raz\u00f3n a que les rige un calendario acad\u00e9mico diferente. De manera posterior ser\u00e1 habilitado el sistema para Medicina.<\/span><\/li><li><span>Tenga en cuenta que los beneficios se asignan con base a los cupos y capacidad financiera disponible.<\/span><\/li><li><span>Si usted es un estudiante a quien se le ha renovado el beneficio para el presente semestre, por favor abstenerse de tramitar informaci\u00f3n ante el sistema (la vigencia del beneficio le fue comunicada a su correo institucional).<\/span><\/li><li><span>Si usted es un estudiante que a la fecha cuenta con alguna beca, programa subsidiado o apadrinamiento; abstenerse de tramitar informaci\u00f3n ante el sistema.<\/span><\/li><li><span>El <strong>bono de matr\u00edcula y la reliquidaci\u00f3n<\/strong> de matr\u00edcula <strong>NO aplican<\/strong> para los programas acad\u00e9micos de <strong>jornada especial<\/strong> por el perfil financiero que los rige. (Art. 50 par\u00e1grafo 2 del Reglamento Estudiantil).<\/span><\/li><li><span>En cuanto al bono de matr\u00edcula y reliquidaci\u00f3n de matr\u00edcula, se realizan las solicitudes y estudios durante el presente semestre (2021-2) y en caso de ser beneficiado, ver\u00e1 reflejado dicho beneficio para el semestre siguiente (2022-1).<\/span><\/li><li><span>Recuerde tramitar la informaci\u00f3n completa y adjuntar la documentaci\u00f3n requerida para cada beneficio<\/span><\/li><li><span>Para mayor informaci\u00f3n relacionada con documentaci\u00f3n puede consultar el link: <\/span><a href=\"https:\/\/www2.utp.edu.co\/vicerrectoria\/responsabilidad-social\/apoyos-socioeconomicos.html\">https:\/\/www2.utp.edu.co\/vicerrectoria\/responsabilidad-social\/apoyos-socioeconomicos.html<\/a><\/li><li><span>Se le informa a los estudiantes de Jornada Especial interesados en realizar solicitud de estudio sociodemogr\u00e1fico para revisi\u00f3n de condiciones socioecon\u00f3micas relacionadas con el estrato que, solo se recibir\u00e1n estas solicitudes desde el 24 de agosto hasta el 14 de septiembre de 2021, como fecha m\u00e1xima. Los estudiantes deber\u00e1n radicar su solicitud por Gesti\u00f3n de Documentos, email:&nbsp;<a href=\"mailto:lazos@utp.edu.co\">lazos@utp.edu.co<\/a>, asunto: solicitud de estudio sociodemogr\u00e1fico y dirigido a la Vicerrector\u00eda de Responsabilidad Social y Bienestar Universitario. Los resultados del estudio le ser\u00e1n comunicados directamente al interesado.<\/span><\/li><\/ul>\n\n\n\n<p><span class=\"post-content__span\"> <strong><span>\u200bDOCUMENTOS A TENER EN CUENTA<\/span><\/strong><\/p>\n\n\n\n<ul class=\"wp-block-list\"><li><span><a href=\"https:\/\/media2.utp.edu.co\/archivos\/INFORMACION%20SOBRE%20REQUISITOS%20PARA%20SOLICITUD%20DE%20APOYOS%20SOCIOECONO%CC%81MICOS%20BA%2CBT%2CMS%2CRM%2CBM%202021-1%20%281%29.pdf\">Informaci\u00f3n sobre cada apoyo socioecon\u00f3mico<\/a><\/span><\/li><li><span><a href=\"https:\/\/media2.utp.edu.co\/archivos\/Pasos%20para%20ingresar%20al%20sistema%20de%20apoyos%20socioecono%CC%81micos%20%283%29%20%282%29.pdf\">Paso a paso para ingresar al sistema<\/a><\/span><\/li><\/ul>\n","protected":false},"excerpt":{"rendered":"<p>Apertura del sistema de solicitudes de apoyos socioecon\u00f3micos 2021-2 La Vicerrector\u00eda de Responsabilidad Social y Bienestar Universitario &#8211; Promoci\u00f3n Social, [&hellip;]<\/p>\n","protected":false},"author":0,"featured_media":60610,"comment_status":"closed","ping_status":"closed","sticky":false,"template":"","format":"standard","meta":{"footnotes":""},"categories":[3],"tags":[],"class_list":["post-7931","post","type-post","status-publish","format-standard","has-post-thumbnail","hentry","category-noticias"],"_links":{"self":[{"href":"https:\/\/vicerrectorias.utp.edu.co\/responsabilidad-social\/wp-json\/wp\/v2\/posts\/7931","targetHints":{"allow":["GET"]}}],"collection":[{"href":"https:\/\/vicerrectorias.utp.edu.co\/responsabilidad-social\/wp-json\/wp\/v2\/posts"}],"about":[{"href":"https:\/\/vicerrectorias.utp.edu.co\/responsabilidad-social\/wp-json\/wp\/v2\/types\/post"}],"replies":[{"embeddable":true,"href":"https:\/\/vicerrectorias.utp.edu.co\/responsabilidad-social\/wp-json\/wp\/v2\/comments?post=7931"}],"version-history":[{"count":1,"href":"https:\/\/vicerrectorias.utp.edu.co\/responsabilidad-social\/wp-json\/wp\/v2\/posts\/7931\/revisions"}],"predecessor-version":[{"id":8852,"href":"https:\/\/vicerrectorias.utp.edu.co\/responsabilidad-social\/wp-json\/wp\/v2\/posts\/7931\/revisions\/8852"}],"wp:featuredmedia":[{"embeddable":true,"href":"https:\/\/vicerrectorias.utp.edu.co\/responsabilidad-social\/wp-json\/wp\/v2\/media\/60610"}],"wp:attachment":[{"href":"https:\/\/vicerrectorias.utp.edu.co\/responsabilidad-social\/wp-json\/wp\/v2\/media?parent=7931"}],"wp:term":[{"taxonomy":"category","embeddable":true,"href":"https:\/\/vicerrectorias.utp.edu.co\/responsabilidad-social\/wp-json\/wp\/v2\/categories?post=7931"},{"taxonomy":"post_tag","embeddable":true,"href":"https:\/\/vicerrectorias.utp.edu.co\/responsabilidad-social\/wp-json\/wp\/v2\/tags?post=7931"}],"curies":[{"name":"wp","href":"https:\/\/api.w.org\/{rel}","templated":true}]}}