{"id":7921,"date":"2021-08-20T17:53:39","date_gmt":"2021-08-20T15:53:39","guid":{"rendered":""},"modified":"2024-08-15T15:52:31","modified_gmt":"2024-08-15T13:52:31","slug":"comunicado-sobre-el-inicio-de-semestre-2021-2","status":"publish","type":"post","link":"https:\/\/vicerrectorias.utp.edu.co\/responsabilidad-social\/comunicado-sobre-el-inicio-de-semestre-2021-2\/","title":{"rendered":"Comunicado sobre el Inicio de semestre 2021-2."},"content":{"rendered":"\n<p><span class=\"post-content__span\"> <span><em><strong>INICIO DE SEMESTRE ACAD\u00c9MICO 2021-2&nbsp;<\/strong><\/em><\/span><\/p>\n\n\n\n<p><span class=\"post-content__span\"> <span>La Universidad Tecnol\u00f3gica de Pereira informa a la comunidad universitaria que el <strong>pr\u00f3ximo 24 de Agosto<\/strong> se dar\u00e1 inicio al segundo semestre acad\u00e9mico de 2021.<\/span><\/p>\n\n\n\n<p><span class=\"post-content__span\"> <span>Inicialmente, l<strong>as actividades acad\u00e9micas se desarrollar\u00e1n de manera remota (virtual)<\/strong> y se avanzar\u00e1 en el retorno progresivo y seguro al campus, para el cual, la Instituci\u00f3n ha venido desplegando mecanismos tecnol\u00f3gicos, estrategias de formaci\u00f3n docente y completos protocolos de bioseguridad y seguimiento que permitir\u00e1n a los estudiantes retomar actividades presenciales de manera segura en el transcurso del semestre acad\u00e9mico.<\/span><\/p>\n\n\n\n<p><span class=\"post-content__span\"> <span>El semestre acad\u00e9mico iniciar\u00e1 con algunas actividades administrativas y acad\u00e9micas presenciales, que aumentar\u00e1n de acuerdo con el avance de los esquemas de vacunaci\u00f3n y las garant\u00edas que en materia de bioseguridad se generen.<\/span><\/p>\n\n\n\n<p><span class=\"post-content__span\"> <span>Durante las primeras semanas del semestre, se estar\u00e1n informando las fechas y protocolos de bioseguridad definidos por la Instituci\u00f3n para el retorno de las actividades acad\u00e9micas de manera presencial.<\/span><\/p>\n\n\n\n<figure class=\"wp-block-image\"><img decoding=\"async\" src=\"https:\/\/media2.utp.edu.co\/imagenes\/WhatsApp%20Image%202021-08-20%20at%205.49.56%20PM.jpeg\" alt=\"\"\/><\/figure>\n","protected":false},"excerpt":{"rendered":"<p>INICIO DE SEMESTRE ACAD\u00c9MICO 2021-2&nbsp; La Universidad Tecnol\u00f3gica de Pereira informa a la comunidad universitaria que el pr\u00f3ximo 24 de [&hellip;]<\/p>\n","protected":false},"author":0,"featured_media":60609,"comment_status":"closed","ping_status":"closed","sticky":false,"template":"","format":"standard","meta":{"footnotes":""},"categories":[3],"tags":[],"class_list":["post-7921","post","type-post","status-publish","format-standard","has-post-thumbnail","hentry","category-noticias"],"_links":{"self":[{"href":"https:\/\/vicerrectorias.utp.edu.co\/responsabilidad-social\/wp-json\/wp\/v2\/posts\/7921","targetHints":{"allow":["GET"]}}],"collection":[{"href":"https:\/\/vicerrectorias.utp.edu.co\/responsabilidad-social\/wp-json\/wp\/v2\/posts"}],"about":[{"href":"https:\/\/vicerrectorias.utp.edu.co\/responsabilidad-social\/wp-json\/wp\/v2\/types\/post"}],"replies":[{"embeddable":true,"href":"https:\/\/vicerrectorias.utp.edu.co\/responsabilidad-social\/wp-json\/wp\/v2\/comments?post=7921"}],"version-history":[{"count":1,"href":"https:\/\/vicerrectorias.utp.edu.co\/responsabilidad-social\/wp-json\/wp\/v2\/posts\/7921\/revisions"}],"predecessor-version":[{"id":8853,"href":"https:\/\/vicerrectorias.utp.edu.co\/responsabilidad-social\/wp-json\/wp\/v2\/posts\/7921\/revisions\/8853"}],"wp:featuredmedia":[{"embeddable":true,"href":"https:\/\/vicerrectorias.utp.edu.co\/responsabilidad-social\/wp-json\/wp\/v2\/media\/60609"}],"wp:attachment":[{"href":"https:\/\/vicerrectorias.utp.edu.co\/responsabilidad-social\/wp-json\/wp\/v2\/media?parent=7921"}],"wp:term":[{"taxonomy":"category","embeddable":true,"href":"https:\/\/vicerrectorias.utp.edu.co\/responsabilidad-social\/wp-json\/wp\/v2\/categories?post=7921"},{"taxonomy":"post_tag","embeddable":true,"href":"https:\/\/vicerrectorias.utp.edu.co\/responsabilidad-social\/wp-json\/wp\/v2\/tags?post=7921"}],"curies":[{"name":"wp","href":"https:\/\/api.w.org\/{rel}","templated":true}]}}