{"id":7901,"date":"2021-08-04T16:01:46","date_gmt":"2021-08-04T14:01:46","guid":{"rendered":""},"modified":"2024-08-16T15:23:37","modified_gmt":"2024-08-16T13:23:37","slug":"firma-pacto-nacional-de-reconciliacion-1-linea","status":"publish","type":"post","link":"https:\/\/vicerrectorias.utp.edu.co\/responsabilidad-social\/firma-pacto-nacional-de-reconciliacion-1-linea\/","title":{"rendered":"Firma Pacto Nacional de Reconciliaci\u00f3n 1\u00aa L\u00ednea"},"content":{"rendered":"\n<p><span class=\"post-content__span\"> <strong>PEREIRA FIRMA PACTO NACIONAL DE RECONCILIACIO\u0301N<\/strong><\/p>\n\n\n\n<p><span class=\"post-content__span\"> <strong>CON REPRESENTANTES DE LA PRIMERA LI\u0301NEA<\/strong><\/p>\n\n\n\n<figure class=\"wp-block-image\"><img decoding=\"async\" src=\"https:\/\/media2.utp.edu.co\/imagenes\/WhatsApp%20Image%202021-08-04%20at%209.02.23%20AM.jpeg\" alt=\"\"\/><\/figure>\n\n\n\n<p><span class=\"post-content__span\"> Mediante un hecho sin precedentes en el pa\u00eds, la Alcald\u00eda de Pereira en cabeza del alcalde Carlos Maya, en compa\u00f1\u00eda de representantes de la academia y empresarios, firman un pacto de reconciliaci\u00f3n con los representantes de Primera L\u00ednea de la ciudad, acompa\u00f1ados de grupos juveniles y barristas, haciendo de este acuerdo un modelo pionero que env\u00eda un mensaje de paz, di\u00e1logo y concertaci\u00f3n para Colombia. Como garantes del proceso hicieron presencia la Procuradur\u00eda, la Personer\u00eda, la Defensor\u00eda del Pueblo, entre otros actores relevantes.<\/p>\n\n\n\n<p><span class=\"post-content__span\"> Tambi\u00e9n se realiz\u00f3 un acto simb\u00f3lico de entrega de cascos y escudos por parte de los representantes de Primera L\u00ednea, adem\u00e1s, el Gobierno de la Ciudad entreg\u00f3 a los j\u00f3venes las banderas de Pereira y Colombia como un mensaje de uni\u00f3n.<\/p>\n\n\n\n<p><span class=\"post-content__span\"> La Capital del Eje es hoy ejemplo para todo el pa\u00eds, ya que el alcalde Carlos Maya en compa\u00f1\u00eda de diferentes autoridades, empresarios y universidades, firmaron un pacto de convivencia con los integrantes de la Primera L\u00ednea, generando acuerdos para dejar atr\u00e1s esos episodios que afectaron la cotidianidad de la ciudad.<\/p>\n\n\n\n<p><span class=\"post-content__span\"> La \u201ctr\u00edada P\u00fablico Privada\u201d es la estrategia liderada por el Gobierno de la Ciudad a la que se sum\u00f3 el sector educativo y empresarial, con el fin de ofrecerle a los j\u00f3venes de la Primera L\u00ednea, alternativas para mejorar su calidad de vida y generar bienestar social.<\/p>\n\n\n\n<p><span class=\"post-content__span\"> Para el alcalde de los pereiranos es vital escuchar las necesidades de los j\u00f3venes ofreci\u00e9ndoles alternativas viables, \u201cLa verdad es que concertar y llegar a un punto de com\u00fan acuerdo no es tan sencillo como uno quisi\u00e9ramos, pero desde el gobierno que nosotros representamos tenemos toda la disponibilidad para atender las llamadas y las reuniones que sean necesarias\u201d declar\u00f3, el Alcalde Carlos Maya. Los beneficios anunciados para los j\u00f3venes de la Primera L\u00ednea consisten en brindar oportunidades laborales para personas sin experiencia, vinculaci\u00f3n al sistema de salud, a trav\u00e9s del Sisb\u00e9n, cupos para acceder a la educaci\u00f3n en todos sus niveles y adecuar espacios deportivos para el uso de su tiempo libre.<\/p>\n\n\n\n<p><span class=\"post-content__span\"> Los j\u00f3venes reconocieron el compromiso del Gobierno de la Ciudad para brindarles garant\u00edas, escucharlos mediante espacios de di\u00e1logo y brindarles alternativas para poder tener un futuro esperanzador, en donde quepanlos sue\u00f1os de todos los habitantes.<\/p>\n\n\n\n<p><span class=\"post-content__span\"> Los integrantes de la Primera L\u00ednea se comprometieron con:<\/p>\n\n\n\n<ol class=\"wp-block-list\">\n<li>No generaremos actos vand\u00e1licos, buscaremos alternativas de protesta que no propicien la violencia, con el compromiso de las autoridades locales en el cumplimiento de lo que aqu\u00ed se acuerde entre las partes presentes.<\/li>\n\n\n\n<li>Nosotros como primera l\u00ednea, no generaremos bloqueos permanentes, en el caso de que se presenten movilizaciones, se efectuar\u00e1n de manera controlada con un componente pedag\u00f3gico.<\/li>\n\n\n\n<li>Para que no se presenten actos de violencia que pongan en riesgo la integridad y la vida de todos, velaremos por mantener un di\u00e1logo entre: miembros de la primera l\u00ednea con los manifestantes y las autoridades.<\/li>\n\n\n\n<li>Teniendo en cuenta nuestra vocaci\u00f3n de protecci\u00f3n y acompa\u00f1amiento a la comunidad realizaremos campa\u00f1as pedag\u00f3gicas, ambientales y propuestas para el embellecimiento de espacios p\u00fablicos, entre otras actividades que impulsen el desarrollo de la ciudad y sus habitantes<\/li>\n<\/ol>\n\n\n\n<p><span class=\"post-content__span\"> <a href=\"https:\/\/media2.utp.edu.co\/archivos\/Comunicado%20Pereira%20Ciudad%20Pionera%20en%20generar%20Acuerdo%20con%20Primera%20Linea%20%282%29.pdf\">\u200b<strong>Fuente: Bolet\u00edn de prensa de La Alcald\u00eda de Pereira<\/strong><\/a><\/p>\n\n\n\n<div class=\"wp-block-columns are-vertically-aligned-center is-layout-flex wp-container-core-columns-is-layout-9d6595d7 wp-block-columns-is-layout-flex\">\n<div class=\"wp-block-column is-vertically-aligned-center is-layout-flow wp-block-column-is-layout-flow\">\n<figure class=\"wp-block-image size-full\"><img loading=\"lazy\" decoding=\"async\" width=\"1280\" height=\"720\" src=\"https:\/\/vicerrectorias.utp.edu.co\/responsabilidad-social\/wp-content\/uploads\/sites\/12\/WhatsApp-Image-2021-08-04-at-9.02.23-AM-21.jpeg\" alt=\"\" class=\"wp-image-61044\"\/><\/figure>\n<\/div>\n\n\n\n<div class=\"wp-block-column is-vertically-aligned-center is-layout-flow wp-block-column-is-layout-flow\">\n<figure class=\"wp-block-image size-full\"><img loading=\"lazy\" decoding=\"async\" width=\"1280\" height=\"853\" src=\"https:\/\/vicerrectorias.utp.edu.co\/responsabilidad-social\/wp-content\/uploads\/sites\/12\/WhatsApp-Image-2021-08-04-at-9.02.24-AM.jpeg\" alt=\"\" class=\"wp-image-61045\"\/><\/figure>\n<\/div>\n<\/div>\n\n\n\n<figure class=\"wp-block-embed is-type-video is-provider-youtube wp-block-embed-youtube wp-embed-aspect-16-9 wp-has-aspect-ratio\"><div class=\"wp-block-embed__wrapper\">\n<iframe loading=\"lazy\" title=\"Pacto Nacional de Reconciliaci\u00f3n con la primera L\u00ednea\" width=\"500\" height=\"281\" src=\"https:\/\/www.youtube.com\/embed\/gvsULxRIRHk?feature=oembed\" frameborder=\"0\" allow=\"accelerometer; autoplay; clipboard-write; encrypted-media; gyroscope; picture-in-picture; web-share\" referrerpolicy=\"strict-origin-when-cross-origin\" allowfullscreen><\/iframe>\n<\/div><\/figure>\n","protected":false},"excerpt":{"rendered":"<p>PEREIRA FIRMA PACTO NACIONAL DE RECONCILIACIO\u0301N CON REPRESENTANTES DE LA PRIMERA LI\u0301NEA Mediante un hecho sin precedentes en el pa\u00eds, [&hellip;]<\/p>\n","protected":false},"author":0,"featured_media":60607,"comment_status":"closed","ping_status":"closed","sticky":false,"template":"","format":"standard","meta":{"footnotes":""},"categories":[3],"tags":[],"class_list":["post-7901","post","type-post","status-publish","format-standard","has-post-thumbnail","hentry","category-noticias"],"_links":{"self":[{"href":"https:\/\/vicerrectorias.utp.edu.co\/responsabilidad-social\/wp-json\/wp\/v2\/posts\/7901","targetHints":{"allow":["GET"]}}],"collection":[{"href":"https:\/\/vicerrectorias.utp.edu.co\/responsabilidad-social\/wp-json\/wp\/v2\/posts"}],"about":[{"href":"https:\/\/vicerrectorias.utp.edu.co\/responsabilidad-social\/wp-json\/wp\/v2\/types\/post"}],"replies":[{"embeddable":true,"href":"https:\/\/vicerrectorias.utp.edu.co\/responsabilidad-social\/wp-json\/wp\/v2\/comments?post=7901"}],"version-history":[{"count":5,"href":"https:\/\/vicerrectorias.utp.edu.co\/responsabilidad-social\/wp-json\/wp\/v2\/posts\/7901\/revisions"}],"predecessor-version":[{"id":61047,"href":"https:\/\/vicerrectorias.utp.edu.co\/responsabilidad-social\/wp-json\/wp\/v2\/posts\/7901\/revisions\/61047"}],"wp:featuredmedia":[{"embeddable":true,"href":"https:\/\/vicerrectorias.utp.edu.co\/responsabilidad-social\/wp-json\/wp\/v2\/media\/60607"}],"wp:attachment":[{"href":"https:\/\/vicerrectorias.utp.edu.co\/responsabilidad-social\/wp-json\/wp\/v2\/media?parent=7901"}],"wp:term":[{"taxonomy":"category","embeddable":true,"href":"https:\/\/vicerrectorias.utp.edu.co\/responsabilidad-social\/wp-json\/wp\/v2\/categories?post=7901"},{"taxonomy":"post_tag","embeddable":true,"href":"https:\/\/vicerrectorias.utp.edu.co\/responsabilidad-social\/wp-json\/wp\/v2\/tags?post=7901"}],"curies":[{"name":"wp","href":"https:\/\/api.w.org\/{rel}","templated":true}]}}