{"id":79,"date":"2013-04-01T10:42:31","date_gmt":"2013-04-01T08:42:31","guid":{"rendered":""},"modified":"2024-08-15T15:53:12","modified_gmt":"2024-08-15T13:53:12","slug":"render-al-video","status":"publish","type":"post","link":"https:\/\/vicerrectorias.utp.edu.co\/responsabilidad-social\/render-al-video\/","title":{"rendered":"RENDER AL VIDEO"},"content":{"rendered":"\n<figure class=\"wp-block-image\"><img decoding=\"async\" src=\"https:\/\/vicerrectorias.utp.edu.co\/responsabilidad-social\/wp-content\/uploads\/sites\/12\/RENDER.jpg\" alt=\"\"\/><\/figure>\n\n\n\n<p><span class=\"post-content__span\"> RENDER AL VIDEO es un espacio de exposici\u00f3n audiovisual, art\u00edstica, conceptual y acad\u00e9mica, encuentro de universitarios de la regi\u00f3n en torno a la producci\u00f3n audiovisual.<br>&#8212;&#8212;&#8212;&#8212;&#8212;&#8212;&#8212;&#8212;&#8212;&#8212;&#8212;&#8212;&#8212;&#8212;&#8212;&#8212;&#8212;-<br>-SE RECIBEN VIDEOCLIPS MUSICALES, STOP MOTION, VIDEO EXPERIMENTAL, FILMINUTOS, CORTOMETRAJES ETC&#8230; &nbsp;<br>-TAMBI\u00c9N SE RECIBEN FOTOGRAF\u00cdAS IMPRESAS (La exposici\u00f3n fotogr\u00e1fica, ilustraci\u00f3n y dem\u00e1s impresos en el hall de biblioteca)<\/p>\n\n\n\n<h5 class=\"wp-block-heading\">PARA M\u00c1S INFO DESCARGA LAS BASES Y EL FORMULARIO DE INSCRIPCI\u00d3N (<em>CLICK DERECHO &#8211; DESCARGAR)&nbsp;<\/em>EN EL SIGUIENTE LINK:<\/h5>\n\n\n\n<p><span class=\"post-content__span\"> <a rel=\"nofollow\" href=\"https:\/\/vicerrectorias.utp.edu.co\/responsabilidad-social\/wp-content\/uploads\/sites\/12\/BASES_Y_FORMULARIO_RENDER.pdf\">BASES_Y_FORMULARIO_RENDER.pdf<\/a><\/p>\n\n\n\n<p><span class=\"post-content__span\"> <strong>CRONOGRAMA DE ACTIVIDADES:<\/strong><\/p>\n\n\n\n<p><span class=\"post-content__span\"> (El cronograma podr\u00eda estar sujeto a cambios positivos debido a la inclusi\u00f3n de m\u00e1s propuestas dentro del evento)<\/p>\n\n\n\n<p><span class=\"post-content__span\"> 09:00 Apertura<br>09:30 La astilla en el ojo<br>10:00 E-skills conversatorio por montgomery piedra<br>11:00 Proyecci\u00f3n documentales<\/p>\n\n\n\n<p><span class=\"post-content__span\"> 02:00 \u00abNo oyente, no hablante\u00bb conferencia por Hern\u00e1n Deaf<br>03:00 Videoclips<br>03:30 Hola Saturno, electroacoustic session<br>04:00 Cortometrajes, videos<br>04:30 Jhorman ac\u00f3ustic session<br>05:00 Videoclips, cortometrajes<br>06:00 La Perla Sunset, cierre toque<\/p>\n","protected":false},"excerpt":{"rendered":"<p>RENDER AL VIDEO es un espacio de exposici\u00f3n audiovisual, art\u00edstica, conceptual y acad\u00e9mica, encuentro de universitarios de la regi\u00f3n en [&hellip;]<\/p>\n","protected":false},"author":0,"featured_media":60008,"comment_status":"closed","ping_status":"closed","sticky":false,"template":"","format":"standard","meta":{"footnotes":""},"categories":[3],"tags":[],"class_list":["post-79","post","type-post","status-publish","format-standard","has-post-thumbnail","hentry","category-noticias"],"_links":{"self":[{"href":"https:\/\/vicerrectorias.utp.edu.co\/responsabilidad-social\/wp-json\/wp\/v2\/posts\/79","targetHints":{"allow":["GET"]}}],"collection":[{"href":"https:\/\/vicerrectorias.utp.edu.co\/responsabilidad-social\/wp-json\/wp\/v2\/posts"}],"about":[{"href":"https:\/\/vicerrectorias.utp.edu.co\/responsabilidad-social\/wp-json\/wp\/v2\/types\/post"}],"replies":[{"embeddable":true,"href":"https:\/\/vicerrectorias.utp.edu.co\/responsabilidad-social\/wp-json\/wp\/v2\/comments?post=79"}],"version-history":[{"count":1,"href":"https:\/\/vicerrectorias.utp.edu.co\/responsabilidad-social\/wp-json\/wp\/v2\/posts\/79\/revisions"}],"predecessor-version":[{"id":9853,"href":"https:\/\/vicerrectorias.utp.edu.co\/responsabilidad-social\/wp-json\/wp\/v2\/posts\/79\/revisions\/9853"}],"wp:featuredmedia":[{"embeddable":true,"href":"https:\/\/vicerrectorias.utp.edu.co\/responsabilidad-social\/wp-json\/wp\/v2\/media\/60008"}],"wp:attachment":[{"href":"https:\/\/vicerrectorias.utp.edu.co\/responsabilidad-social\/wp-json\/wp\/v2\/media?parent=79"}],"wp:term":[{"taxonomy":"category","embeddable":true,"href":"https:\/\/vicerrectorias.utp.edu.co\/responsabilidad-social\/wp-json\/wp\/v2\/categories?post=79"},{"taxonomy":"post_tag","embeddable":true,"href":"https:\/\/vicerrectorias.utp.edu.co\/responsabilidad-social\/wp-json\/wp\/v2\/tags?post=79"}],"curies":[{"name":"wp","href":"https:\/\/api.w.org\/{rel}","templated":true}]}}