{"id":7891,"date":"2021-08-02T15:30:14","date_gmt":"2021-08-02T13:30:14","guid":{"rendered":""},"modified":"2024-08-15T15:52:31","modified_gmt":"2024-08-15T13:52:31","slug":"bienvenida-a-estudiantes-del-segundo-semestre-2021","status":"publish","type":"post","link":"https:\/\/vicerrectorias.utp.edu.co\/responsabilidad-social\/bienvenida-a-estudiantes-del-segundo-semestre-2021\/","title":{"rendered":"Bienvenida a estudiantes del segundo semestre 2021"},"content":{"rendered":"\n<p><span class=\"post-content__span\"> <span><em><strong>PROCESO DE PRUEBAS Y ADAPTACI\u00d3N A LA VIDA UNIVERSIATRIA 2021-2<\/strong><\/em><\/span><\/p>\n\n\n\n<p><span class=\"post-content__span\"> <span>Se informa que el proceso de&nbsp;Pruebas y Adaptaci\u00f3n a la&nbsp;Vida&nbsp;Universitaria se realizar\u00e1 de manera virtual y presencial, por ende lo invitamos a que&nbsp;conozca la plataforma donde le indicar\u00e1 la&nbsp;ruta a seguir para el desarrollo de las actividades a realizar de acuerdo al programa acad\u00e9mico&nbsp;al cual est\u00e1 matriculado; igualmente a estar revisando su correo electr\u00f3nico donde se le enviar\u00e1 informaci\u00f3n importante de las pruebas.<\/span><\/p>\n\n\n\n<p><span class=\"post-content__span\"> <span>De acuerdo a lo anterior se invita&nbsp;&nbsp;a todos&nbsp;los estudiantes matriculados para&nbsp;su primer semestre en el 2021-2&nbsp;a dar clic en la imagen&nbsp;e iniciar su Proceso de&nbsp;Pruebas y&nbsp;Adaptaci\u00f3n&nbsp; a la Vida Universitaria.<\/span><\/p>\n\n\n\n<figure class=\"wp-block-image\"><a href=\"https:\/\/view.genial.ly\/60f21768fd893b0d73e19e1f\/presentation-proceso-de-pruebas-y-adaptacion-a-la-vida-universitaria-2021-2\"><img decoding=\"async\" src=\"https:\/\/media2.utp.edu.co\/imagenes\/IMAGEN%20PRINCIPAL.jpeg\" alt=\"\"\/><\/a><\/figure>\n","protected":false},"excerpt":{"rendered":"<p>PROCESO DE PRUEBAS Y ADAPTACI\u00d3N A LA VIDA UNIVERSIATRIA 2021-2 Se informa que el proceso de&nbsp;Pruebas y Adaptaci\u00f3n a la&nbsp;Vida&nbsp;Universitaria [&hellip;]<\/p>\n","protected":false},"author":0,"featured_media":60606,"comment_status":"closed","ping_status":"closed","sticky":false,"template":"","format":"standard","meta":{"footnotes":""},"categories":[3],"tags":[],"class_list":["post-7891","post","type-post","status-publish","format-standard","has-post-thumbnail","hentry","category-noticias"],"_links":{"self":[{"href":"https:\/\/vicerrectorias.utp.edu.co\/responsabilidad-social\/wp-json\/wp\/v2\/posts\/7891","targetHints":{"allow":["GET"]}}],"collection":[{"href":"https:\/\/vicerrectorias.utp.edu.co\/responsabilidad-social\/wp-json\/wp\/v2\/posts"}],"about":[{"href":"https:\/\/vicerrectorias.utp.edu.co\/responsabilidad-social\/wp-json\/wp\/v2\/types\/post"}],"replies":[{"embeddable":true,"href":"https:\/\/vicerrectorias.utp.edu.co\/responsabilidad-social\/wp-json\/wp\/v2\/comments?post=7891"}],"version-history":[{"count":1,"href":"https:\/\/vicerrectorias.utp.edu.co\/responsabilidad-social\/wp-json\/wp\/v2\/posts\/7891\/revisions"}],"predecessor-version":[{"id":8856,"href":"https:\/\/vicerrectorias.utp.edu.co\/responsabilidad-social\/wp-json\/wp\/v2\/posts\/7891\/revisions\/8856"}],"wp:featuredmedia":[{"embeddable":true,"href":"https:\/\/vicerrectorias.utp.edu.co\/responsabilidad-social\/wp-json\/wp\/v2\/media\/60606"}],"wp:attachment":[{"href":"https:\/\/vicerrectorias.utp.edu.co\/responsabilidad-social\/wp-json\/wp\/v2\/media?parent=7891"}],"wp:term":[{"taxonomy":"category","embeddable":true,"href":"https:\/\/vicerrectorias.utp.edu.co\/responsabilidad-social\/wp-json\/wp\/v2\/categories?post=7891"},{"taxonomy":"post_tag","embeddable":true,"href":"https:\/\/vicerrectorias.utp.edu.co\/responsabilidad-social\/wp-json\/wp\/v2\/tags?post=7891"}],"curies":[{"name":"wp","href":"https:\/\/api.w.org\/{rel}","templated":true}]}}