{"id":7881,"date":"2021-07-30T13:07:15","date_gmt":"2021-07-30T11:07:15","guid":{"rendered":""},"modified":"2024-08-15T15:52:31","modified_gmt":"2024-08-15T13:52:31","slug":"resultados-reliquidacion-y-bono-de-matricula","status":"publish","type":"post","link":"https:\/\/vicerrectorias.utp.edu.co\/responsabilidad-social\/resultados-reliquidacion-y-bono-de-matricula\/","title":{"rendered":"Resultados Reliquidaci\u00f3n y Bono de Matr\u00edcula."},"content":{"rendered":"\n<p><span class=\"post-content__span\"> <span><em><strong>RESULTADOS<\/strong><\/em><\/span><\/p>\n\n\n\n<p><span class=\"post-content__span\"> <span>La Vicerrector\u00eda de Responsabilidad Social y Bienestar Universitario a trav\u00e9s de Promoci\u00f3n social da a conocer los resultados parciales de los aprobados y no aprobados para la Reliquidaci\u00f3n y Bono de Matr\u00edcula para el segundo semestre del a\u00f1o 2021.<\/span><\/p>\n\n\n\n<figure class=\"wp-block-table\"><table><tbody><tr><td><img decoding=\"async\" alt=\"\" src=\"https:\/\/media2.utp.edu.co\/imagenes\/WhatsApp%20Image%202021-07-30%20at%2011.06.44%20AM.jpeg\"><\/td><td>\n<ul>\n<li><span><a href=\"https:\/\/media2.utp.edu.co\/archivos\/Bono%20Matri%CC%81cula%202021-2.pdf\">Bono de Matr\u00edcula<\/a><\/span><\/li>\n<\/ul>\n<p><span class=\"post-content__span\"> &nbsp;<\/p>\n<ul>\n<li><span><a href=\"https:\/\/media2.utp.edu.co\/archivos\/Reliquidacio%CC%81n%20de%20Matri%CC%81cula%202021-2.pdf\">Reliquidaci\u00f3n de Matr\u00edcula<\/a><\/span><\/li>\n<\/ul>\n<\/td><\/tr><\/tbody><\/table><\/figure>\n\n\n\n<p><span class=\"post-content__span\"> <span><strong>Se tu el primero en conectarte con nosotros y disfrutar de todos los beneficios&nbsp;&nbsp;<\/strong><\/span><\/p>\n","protected":false},"excerpt":{"rendered":"<p>RESULTADOS La Vicerrector\u00eda de Responsabilidad Social y Bienestar Universitario a trav\u00e9s de Promoci\u00f3n social da a conocer los resultados parciales [&hellip;]<\/p>\n","protected":false},"author":0,"featured_media":60605,"comment_status":"closed","ping_status":"closed","sticky":false,"template":"","format":"standard","meta":{"footnotes":""},"categories":[3],"tags":[],"class_list":["post-7881","post","type-post","status-publish","format-standard","has-post-thumbnail","hentry","category-noticias"],"_links":{"self":[{"href":"https:\/\/vicerrectorias.utp.edu.co\/responsabilidad-social\/wp-json\/wp\/v2\/posts\/7881","targetHints":{"allow":["GET"]}}],"collection":[{"href":"https:\/\/vicerrectorias.utp.edu.co\/responsabilidad-social\/wp-json\/wp\/v2\/posts"}],"about":[{"href":"https:\/\/vicerrectorias.utp.edu.co\/responsabilidad-social\/wp-json\/wp\/v2\/types\/post"}],"replies":[{"embeddable":true,"href":"https:\/\/vicerrectorias.utp.edu.co\/responsabilidad-social\/wp-json\/wp\/v2\/comments?post=7881"}],"version-history":[{"count":1,"href":"https:\/\/vicerrectorias.utp.edu.co\/responsabilidad-social\/wp-json\/wp\/v2\/posts\/7881\/revisions"}],"predecessor-version":[{"id":8857,"href":"https:\/\/vicerrectorias.utp.edu.co\/responsabilidad-social\/wp-json\/wp\/v2\/posts\/7881\/revisions\/8857"}],"wp:featuredmedia":[{"embeddable":true,"href":"https:\/\/vicerrectorias.utp.edu.co\/responsabilidad-social\/wp-json\/wp\/v2\/media\/60605"}],"wp:attachment":[{"href":"https:\/\/vicerrectorias.utp.edu.co\/responsabilidad-social\/wp-json\/wp\/v2\/media?parent=7881"}],"wp:term":[{"taxonomy":"category","embeddable":true,"href":"https:\/\/vicerrectorias.utp.edu.co\/responsabilidad-social\/wp-json\/wp\/v2\/categories?post=7881"},{"taxonomy":"post_tag","embeddable":true,"href":"https:\/\/vicerrectorias.utp.edu.co\/responsabilidad-social\/wp-json\/wp\/v2\/tags?post=7881"}],"curies":[{"name":"wp","href":"https:\/\/api.w.org\/{rel}","templated":true}]}}