{"id":7871,"date":"2021-07-24T11:23:46","date_gmt":"2021-07-24T09:23:46","guid":{"rendered":""},"modified":"2024-08-15T15:52:31","modified_gmt":"2024-08-15T13:52:31","slug":"programas-club-de-la-salud","status":"publish","type":"post","link":"https:\/\/vicerrectorias.utp.edu.co\/responsabilidad-social\/programas-club-de-la-salud\/","title":{"rendered":"Programas Club de la Salud"},"content":{"rendered":"\n<p><span class=\"post-content__span\"> <span><em><strong>CLUB&nbsp; DE LA SALUD<\/strong><\/em><\/span><\/p>\n\n\n\n<p><span class=\"post-content__span\"> <span>La Vicerrector\u00eda de Responsabilidad Social y Bienestar Universitario, invita a la comunidad a vincularse al Club de la Salud y disfrutar de las sesiones de actividad f\u00edsica que se han venido desarrollando de manera virtual.<\/span><\/p>\n\n\n\n<p><span class=\"post-content__span\"> <strong><span>El programa cuenta con grupos de actividad f\u00edsica acorde con necesidades espec\u00edficas:<\/span><\/strong><\/p>\n\n\n\n<ul class=\"wp-block-list\"><li><span>\u2022Actividad f\u00edsica para aumento de masa muscular: principalmente para personas con bajo peso<\/span><\/li><li><span>Grupo de Entrenamiento Funcional: personas con peso adecuado y condici\u00f3n f\u00edsica aceptable<\/span><\/li><li><span>Actividad f\u00edsica para disminuci\u00f3n de porcentaje graso: usuarios en condici\u00f3n de sobrepeso u obesidad<\/span><\/li><\/ul>\n\n\n\n<figure class=\"wp-block-image\"><img decoding=\"async\" src=\"https:\/\/media2.utp.edu.co\/imagenes\/CLUD%20DE%20LA%20SALUD.jpeg\" alt=\"\"\/><\/figure>\n\n\n\n<p><span class=\"post-content__span\"> <span>Que la actividad f\u00edsica no siga en el listado de pendientes, \u00a1pasa a la acci\u00f3n! Solicita el enlace de acceso a los entrenamientos.<\/span><\/p>\n","protected":false},"excerpt":{"rendered":"<p>CLUB&nbsp; DE LA SALUD La Vicerrector\u00eda de Responsabilidad Social y Bienestar Universitario, invita a la comunidad a vincularse al Club [&hellip;]<\/p>\n","protected":false},"author":0,"featured_media":60604,"comment_status":"closed","ping_status":"closed","sticky":false,"template":"","format":"standard","meta":{"footnotes":""},"categories":[3],"tags":[],"class_list":["post-7871","post","type-post","status-publish","format-standard","has-post-thumbnail","hentry","category-noticias"],"_links":{"self":[{"href":"https:\/\/vicerrectorias.utp.edu.co\/responsabilidad-social\/wp-json\/wp\/v2\/posts\/7871","targetHints":{"allow":["GET"]}}],"collection":[{"href":"https:\/\/vicerrectorias.utp.edu.co\/responsabilidad-social\/wp-json\/wp\/v2\/posts"}],"about":[{"href":"https:\/\/vicerrectorias.utp.edu.co\/responsabilidad-social\/wp-json\/wp\/v2\/types\/post"}],"replies":[{"embeddable":true,"href":"https:\/\/vicerrectorias.utp.edu.co\/responsabilidad-social\/wp-json\/wp\/v2\/comments?post=7871"}],"version-history":[{"count":1,"href":"https:\/\/vicerrectorias.utp.edu.co\/responsabilidad-social\/wp-json\/wp\/v2\/posts\/7871\/revisions"}],"predecessor-version":[{"id":8858,"href":"https:\/\/vicerrectorias.utp.edu.co\/responsabilidad-social\/wp-json\/wp\/v2\/posts\/7871\/revisions\/8858"}],"wp:featuredmedia":[{"embeddable":true,"href":"https:\/\/vicerrectorias.utp.edu.co\/responsabilidad-social\/wp-json\/wp\/v2\/media\/60604"}],"wp:attachment":[{"href":"https:\/\/vicerrectorias.utp.edu.co\/responsabilidad-social\/wp-json\/wp\/v2\/media?parent=7871"}],"wp:term":[{"taxonomy":"category","embeddable":true,"href":"https:\/\/vicerrectorias.utp.edu.co\/responsabilidad-social\/wp-json\/wp\/v2\/categories?post=7871"},{"taxonomy":"post_tag","embeddable":true,"href":"https:\/\/vicerrectorias.utp.edu.co\/responsabilidad-social\/wp-json\/wp\/v2\/tags?post=7871"}],"curies":[{"name":"wp","href":"https:\/\/api.w.org\/{rel}","templated":true}]}}