{"id":7851,"date":"2021-07-06T11:52:03","date_gmt":"2021-07-06T09:52:03","guid":{"rendered":""},"modified":"2024-08-16T08:45:22","modified_gmt":"2024-08-16T06:45:22","slug":"construccion-del-edificio-de-bienestar-docente","status":"publish","type":"post","link":"https:\/\/vicerrectorias.utp.edu.co\/responsabilidad-social\/construccion-del-edificio-de-bienestar-docente\/","title":{"rendered":"Construcci\u00f3n del Edificio de Bienestar Docente"},"content":{"rendered":"\n<p><span class=\"post-content__span\"> <span><em><strong>Avanzan las obras de construcci\u00f3n del Edificio de Bienestar Docente<\/strong><\/em><\/span><\/p>\n\n\n\n<p><span class=\"post-content__span\"> <span>Para octubre pr\u00f3ximo se espera culminar las obras de construcci\u00f3n del Edificio de Bienestar Docente, que iniciaron en enero pasado y que est\u00e1 localizado en el lote contiguo al Edificio 1, Bloque A (Administrativo) y el Bloque B (Facultad de Ingenier\u00eda El\u00e9ctrica).<\/span><\/p>\n\n\n\n<figure class=\"wp-block-image\"><img decoding=\"async\" src=\"https:\/\/media2.utp.edu.co\/imagenes\/WhatsApp%20Image%202021-06-18%20at%2010.06.18%20AM.jpeg\" alt=\"\"\/><\/figure>\n\n\n\n<p><span class=\"post-content__span\"> <span>El proyecto Edificio de Bienestar Docente, se enmarca dentro de las apuestas de las pol\u00edticas de bienestar institucional, y con esto se da respuesta a los requerimientos de los profesores de contar con un espacio diferente e innovador en los que puedan desarrollar otras actividades complementarias de la vida universitaria.<\/span><\/p>\n\n\n\n<p><span class=\"post-content__span\"> <span>La edificaci\u00f3n cuenta con un dise\u00f1o arquitect\u00f3nico contempor\u00e1neo, que se integra al conjunto patrimonial del edificio administrativo, con fachadas abiertas al exterior, acabados y mobiliario c\u00f3modos de acuerdo con las tendencias de este tipo de espacios para el disfrute de los docentes y de la comunidad universitaria.<\/span><\/p>\n\n\n\n<figure class=\"wp-block-image size-large\"><img decoding=\"async\" src=\"https:\/\/media2.utp.edu.co\/imagenes\/1_Photo%20-%2036.jpg\" alt=\"\"\/><\/figure>\n\n\n\n<p><span class=\"post-content__span\"> <span>\u00a0 \u00a0 \u00a0\u00a0<\/span><\/p>\n\n\n\n<p><span class=\"post-content__span\"> <span>El proyecto en construcci\u00f3n con un \u00e1rea total aproximada a los 1000 metros cuadrados, conformado por 2 pisos en estructura aporticada con acabado en concreto a la vista a porticada, fachadas abiertas al exterior en sistema vidriado, mamposter\u00eda en sistema liviano; contar\u00e1 con acabados y mobiliario c\u00f3modo de acuerdo con las tendencias de este tipo de espacios para el disfrute de los docentes y de la comunidad universitaria.&nbsp;<\/span><span>All\u00ed se contemplan con \u00e1reas esparcimiento, sala multimedia, sala de lectura, zona coworking, comedor, puntos de caf\u00e9 e hidrataci\u00f3n y bater\u00edas sanitarias con vestier, consultorios m\u00e9dicos, entre otros.&nbsp;<\/span><\/p>\n\n\n\n<p><span class=\"post-content__span\"> <span>La obra f\u00edsica, incluyendo su interventor\u00eda, amueblamiento y dotaci\u00f3n representa un costo aproximado a $3.150 millones de pesos, financiados con recursos propios.<\/span><\/p>\n\n\n\n<p><span class=\"post-content__span\"> <a href=\"https:\/\/youtu.be\/lqJ_LYayOFk\"><em><strong><span>BIENESTAR DOCENTE<\/span><\/strong><\/em><\/a><\/p>\n","protected":false},"excerpt":{"rendered":"<p>Avanzan las obras de construcci\u00f3n del Edificio de Bienestar Docente Para octubre pr\u00f3ximo se espera culminar las obras de construcci\u00f3n [&hellip;]<\/p>\n","protected":false},"author":0,"featured_media":60602,"comment_status":"closed","ping_status":"closed","sticky":false,"template":"","format":"standard","meta":{"footnotes":""},"categories":[3],"tags":[],"class_list":["post-7851","post","type-post","status-publish","format-standard","has-post-thumbnail","hentry","category-noticias"],"_links":{"self":[{"href":"https:\/\/vicerrectorias.utp.edu.co\/responsabilidad-social\/wp-json\/wp\/v2\/posts\/7851","targetHints":{"allow":["GET"]}}],"collection":[{"href":"https:\/\/vicerrectorias.utp.edu.co\/responsabilidad-social\/wp-json\/wp\/v2\/posts"}],"about":[{"href":"https:\/\/vicerrectorias.utp.edu.co\/responsabilidad-social\/wp-json\/wp\/v2\/types\/post"}],"replies":[{"embeddable":true,"href":"https:\/\/vicerrectorias.utp.edu.co\/responsabilidad-social\/wp-json\/wp\/v2\/comments?post=7851"}],"version-history":[{"count":2,"href":"https:\/\/vicerrectorias.utp.edu.co\/responsabilidad-social\/wp-json\/wp\/v2\/posts\/7851\/revisions"}],"predecessor-version":[{"id":60880,"href":"https:\/\/vicerrectorias.utp.edu.co\/responsabilidad-social\/wp-json\/wp\/v2\/posts\/7851\/revisions\/60880"}],"wp:featuredmedia":[{"embeddable":true,"href":"https:\/\/vicerrectorias.utp.edu.co\/responsabilidad-social\/wp-json\/wp\/v2\/media\/60602"}],"wp:attachment":[{"href":"https:\/\/vicerrectorias.utp.edu.co\/responsabilidad-social\/wp-json\/wp\/v2\/media?parent=7851"}],"wp:term":[{"taxonomy":"category","embeddable":true,"href":"https:\/\/vicerrectorias.utp.edu.co\/responsabilidad-social\/wp-json\/wp\/v2\/categories?post=7851"},{"taxonomy":"post_tag","embeddable":true,"href":"https:\/\/vicerrectorias.utp.edu.co\/responsabilidad-social\/wp-json\/wp\/v2\/tags?post=7851"}],"curies":[{"name":"wp","href":"https:\/\/api.w.org\/{rel}","templated":true}]}}