{"id":7841,"date":"2021-06-28T12:28:51","date_gmt":"2021-06-28T10:28:51","guid":{"rendered":""},"modified":"2024-08-20T09:02:08","modified_gmt":"2024-08-20T07:02:08","slug":"inician-las-valoraciones-fisicas-y-acuaticas-2021","status":"publish","type":"post","link":"https:\/\/vicerrectorias.utp.edu.co\/responsabilidad-social\/inician-las-valoraciones-fisicas-y-acuaticas-2021\/","title":{"rendered":"Inician las Valoraciones F\u00edsicas y Acu\u00e1ticas 2021"},"content":{"rendered":"\n<p><span class=\"post-content__span\"> Se le informa a todos los Docentes y Administrativos de la UTP que desde el 28 de junio al 2 de julio del 2021 se estar\u00e1n realizando las valoraciones F\u00edsicas y Acu\u00e1ticas.<\/p>\n\n\n\n<figure class=\"wp-block-image\"><img decoding=\"async\" src=\"https:\/\/media2.utp.edu.co\/imagenes\/WhatsApp%20Image%202021-06-28%20at%208.20.14%20AM%20(1).jpeg\" alt=\"\"\/><\/figure>\n\n\n\n<figure class=\"wp-block-image\"><img decoding=\"async\" src=\"https:\/\/media2.utp.edu.co\/imagenes\/WhatsApp%20Image%202021-06-28%20at%2011.04.53%20AM.jpeg\" alt=\"\"\/><\/figure>\n\n\n\n<figure class=\"wp-block-image\"><a href=\"mailto:valentina.florez@utp.edu.co\"><img decoding=\"async\" src=\"https:\/\/media2.utp.edu.co\/imagenes\/WhatsApp%20Image%202021-06-25%20at%207.38.04%20PM.jpeg\" alt=\"\"\/><\/a><\/figure>\n\n\n\n<p><span class=\"post-content__span\"> <strong>Agenda tu valoraci\u00f3n, nuestros instructores y escenarios te est\u00e1n esperando.<\/strong><\/p>\n","protected":false},"excerpt":{"rendered":"<p>Se le informa a todos los Docentes y Administrativos de la UTP que desde el 28 de junio al 2 [&hellip;]<\/p>\n","protected":false},"author":0,"featured_media":60601,"comment_status":"closed","ping_status":"closed","sticky":false,"template":"","format":"standard","meta":{"footnotes":""},"categories":[3],"tags":[],"class_list":["post-7841","post","type-post","status-publish","format-standard","has-post-thumbnail","hentry","category-noticias"],"_links":{"self":[{"href":"https:\/\/vicerrectorias.utp.edu.co\/responsabilidad-social\/wp-json\/wp\/v2\/posts\/7841","targetHints":{"allow":["GET"]}}],"collection":[{"href":"https:\/\/vicerrectorias.utp.edu.co\/responsabilidad-social\/wp-json\/wp\/v2\/posts"}],"about":[{"href":"https:\/\/vicerrectorias.utp.edu.co\/responsabilidad-social\/wp-json\/wp\/v2\/types\/post"}],"replies":[{"embeddable":true,"href":"https:\/\/vicerrectorias.utp.edu.co\/responsabilidad-social\/wp-json\/wp\/v2\/comments?post=7841"}],"version-history":[{"count":2,"href":"https:\/\/vicerrectorias.utp.edu.co\/responsabilidad-social\/wp-json\/wp\/v2\/posts\/7841\/revisions"}],"predecessor-version":[{"id":61120,"href":"https:\/\/vicerrectorias.utp.edu.co\/responsabilidad-social\/wp-json\/wp\/v2\/posts\/7841\/revisions\/61120"}],"wp:featuredmedia":[{"embeddable":true,"href":"https:\/\/vicerrectorias.utp.edu.co\/responsabilidad-social\/wp-json\/wp\/v2\/media\/60601"}],"wp:attachment":[{"href":"https:\/\/vicerrectorias.utp.edu.co\/responsabilidad-social\/wp-json\/wp\/v2\/media?parent=7841"}],"wp:term":[{"taxonomy":"category","embeddable":true,"href":"https:\/\/vicerrectorias.utp.edu.co\/responsabilidad-social\/wp-json\/wp\/v2\/categories?post=7841"},{"taxonomy":"post_tag","embeddable":true,"href":"https:\/\/vicerrectorias.utp.edu.co\/responsabilidad-social\/wp-json\/wp\/v2\/tags?post=7841"}],"curies":[{"name":"wp","href":"https:\/\/api.w.org\/{rel}","templated":true}]}}