{"id":7801,"date":"2021-06-12T12:50:19","date_gmt":"2021-06-12T10:50:19","guid":{"rendered":""},"modified":"2024-08-15T15:52:31","modified_gmt":"2024-08-15T13:52:31","slug":"orientacion-en-ddhh-y-mision-medica","status":"publish","type":"post","link":"https:\/\/vicerrectorias.utp.edu.co\/responsabilidad-social\/orientacion-en-ddhh-y-mision-medica\/","title":{"rendered":"Orientaci\u00f3n en DDHH y misi\u00f3n m\u00e9dica"},"content":{"rendered":"\n<p><span class=\"post-content__span\"> <em><strong><span>Orientaci\u00f3n en DDHH y misi\u00f3n m\u00e9dica&nbsp;<\/span><\/strong><\/em><\/p>\n\n\n\n<p><span class=\"post-content__span\"> <span>La Vicerrectoria de Responsabilidad Social y Bienestar universitario le informa a toda la comunidad universitaria&nbsp;que las inscripciones del curso de orientaci\u00f3n en Derechos Humanos y Misi\u00f3n m\u00e9dica&nbsp; <strong>ya se encuentran cerradas.<\/strong>&nbsp;<\/span><\/p>\n\n\n\n<p><span class=\"post-content__span\"> <span>La pr\u00f3xima semana se iniciar\u00e1 el&nbsp;proceso formativo se les&nbsp;recomienda a todos los inscritos estar atentos de sus correos electr\u00f3nicos donde se dar\u00e1&nbsp;a conocer toda la informaci\u00f3n respectiva.<\/span><\/p>\n\n\n\n<figure class=\"wp-block-image\"><img decoding=\"async\" src=\"https:\/\/media2.utp.edu.co\/imagenes\/WhatsApp%20Image%202021-06-08%20at%204.40.35%20PM.jpeg\" alt=\"\"\/><\/figure>\n\n\n\n<p><span class=\"post-content__span\"> <a href=\"https:\/\/forms.gle\/t5h9DtWBMAkK8Fpn9\"><em><strong><span><\/span><\/strong><\/em><\/a><\/p>\n\n\n\n<p><span class=\"post-content__span\"> <a href=\"https:\/\/media2.utp.edu.co\/archivos\/Capacitaci%C3%B3n%20en%20DDHH%20y%20misi%C3%B3n%20m%C3%A9dica%20para%20la%20UTP%20-%20MIDDHH%20Cruz%20Roja%20%283%29.pdf\"><span><strong>Requisitos<\/strong><\/span><\/a><\/p>\n","protected":false},"excerpt":{"rendered":"<p>Orientaci\u00f3n en DDHH y misi\u00f3n m\u00e9dica&nbsp; La Vicerrectoria de Responsabilidad Social y Bienestar universitario le informa a toda la comunidad [&hellip;]<\/p>\n","protected":false},"author":0,"featured_media":60598,"comment_status":"closed","ping_status":"closed","sticky":false,"template":"","format":"standard","meta":{"footnotes":""},"categories":[3],"tags":[],"class_list":["post-7801","post","type-post","status-publish","format-standard","has-post-thumbnail","hentry","category-noticias"],"_links":{"self":[{"href":"https:\/\/vicerrectorias.utp.edu.co\/responsabilidad-social\/wp-json\/wp\/v2\/posts\/7801","targetHints":{"allow":["GET"]}}],"collection":[{"href":"https:\/\/vicerrectorias.utp.edu.co\/responsabilidad-social\/wp-json\/wp\/v2\/posts"}],"about":[{"href":"https:\/\/vicerrectorias.utp.edu.co\/responsabilidad-social\/wp-json\/wp\/v2\/types\/post"}],"replies":[{"embeddable":true,"href":"https:\/\/vicerrectorias.utp.edu.co\/responsabilidad-social\/wp-json\/wp\/v2\/comments?post=7801"}],"version-history":[{"count":1,"href":"https:\/\/vicerrectorias.utp.edu.co\/responsabilidad-social\/wp-json\/wp\/v2\/posts\/7801\/revisions"}],"predecessor-version":[{"id":8863,"href":"https:\/\/vicerrectorias.utp.edu.co\/responsabilidad-social\/wp-json\/wp\/v2\/posts\/7801\/revisions\/8863"}],"wp:featuredmedia":[{"embeddable":true,"href":"https:\/\/vicerrectorias.utp.edu.co\/responsabilidad-social\/wp-json\/wp\/v2\/media\/60598"}],"wp:attachment":[{"href":"https:\/\/vicerrectorias.utp.edu.co\/responsabilidad-social\/wp-json\/wp\/v2\/media?parent=7801"}],"wp:term":[{"taxonomy":"category","embeddable":true,"href":"https:\/\/vicerrectorias.utp.edu.co\/responsabilidad-social\/wp-json\/wp\/v2\/categories?post=7801"},{"taxonomy":"post_tag","embeddable":true,"href":"https:\/\/vicerrectorias.utp.edu.co\/responsabilidad-social\/wp-json\/wp\/v2\/tags?post=7801"}],"curies":[{"name":"wp","href":"https:\/\/api.w.org\/{rel}","templated":true}]}}