{"id":7781,"date":"2021-05-29T14:09:48","date_gmt":"2021-05-29T12:09:48","guid":{"rendered":""},"modified":"2024-08-20T09:41:14","modified_gmt":"2024-08-20T07:41:14","slug":"la-conversacion-mas-grande-de-colombia","status":"publish","type":"post","link":"https:\/\/vicerrectorias.utp.edu.co\/responsabilidad-social\/la-conversacion-mas-grande-de-colombia\/","title":{"rendered":"La conversaci\u00f3n m\u00e1s grande de Colombia"},"content":{"rendered":"\n<p><span class=\"post-content__span\"> <strong>Gran oportunidad para aportar nuestras ideas y propuestas para salir de esta crisis social que vive nuestro\u00a0pa\u00eds.<\/strong><\/p>\n\n\n\n<p><span class=\"post-content__span\"> \u00abPon a machar tu idea\u00bb Es la conversaci\u00f3n m\u00e1s grande de Colombia en medio de la crisis social que vive nuestro pa\u00eds. En un hecho sin precedentes, decenas de miles de universitarios de todas las&nbsp;regiones de Colombia, conversar\u00e1n para responder una pregunta:<\/p>\n\n\n\n<p><span class=\"post-content__span\"> <strong><em>\u00bfC\u00f3mo transformamos juntos esta crisis en una oportunidad para lograr un mejor pa\u00eds y qu\u00e9 semilla podemos plantar para avanzar?&nbsp;<\/em><\/strong><\/p>\n\n\n\n<figure class=\"wp-block-image\"><img decoding=\"async\" src=\"https:\/\/media2.utp.edu.co\/imagenes\/WhatsApp%20Image%202021-05-29%20at%201.59.48%20PM.jpeg\" alt=\"\"\/><\/figure>\n\n\n\n<p><span class=\"post-content__span\"> La Universidad Tecnol\u00f3gica de Pereira pondr\u00e1 a disposici\u00f3n de sus estudiantes dos escenarios para la Conversaci\u00f3n.&nbsp;<\/p>\n\n\n\n<p><span class=\"post-content__span\"> <strong>\u00a1No te quedes sin participar inscr\u00edbete a una de nuestras salas!<\/strong><\/p>\n\n\n\n<p><span class=\"post-content__span\"> Sala 1:&nbsp;<a href=\"https:\/\/renata.zoom.us\/meeting\/register\/tZMkdOqgqzgoE9GCCU1tpgI1SFL1ss4_wnHS\" target=\"_blank\" rel=\"noreferrer noopener\">https:\/\/renata.zoom.us\/meeting\/register\/tZMkdOqgqzgoE9GCCU1tpgI1SFL1ss4_wnHS<\/a><\/p>\n\n\n\n<p><span class=\"post-content__span\"> Sala2:&nbsp;<a href=\"https:\/\/renata.zoom.us\/meeting\/register\/tZEucuiurjkjH9x6_XCnaoJ9-2wPIICxdwno\" target=\"_blank\" rel=\"noreferrer noopener\">https:\/\/renata.zoom.us\/meeting\/register\/tZEucuiurjkjH9x6_XCnaoJ9-2wPIICxdwno<\/a><\/p>\n","protected":false},"excerpt":{"rendered":"<p>Gran oportunidad para aportar nuestras ideas y propuestas para salir de esta crisis social que vive nuestro\u00a0pa\u00eds. \u00abPon a machar [&hellip;]<\/p>\n","protected":false},"author":0,"featured_media":60596,"comment_status":"closed","ping_status":"closed","sticky":false,"template":"","format":"standard","meta":{"footnotes":""},"categories":[3],"tags":[],"class_list":["post-7781","post","type-post","status-publish","format-standard","has-post-thumbnail","hentry","category-noticias"],"_links":{"self":[{"href":"https:\/\/vicerrectorias.utp.edu.co\/responsabilidad-social\/wp-json\/wp\/v2\/posts\/7781","targetHints":{"allow":["GET"]}}],"collection":[{"href":"https:\/\/vicerrectorias.utp.edu.co\/responsabilidad-social\/wp-json\/wp\/v2\/posts"}],"about":[{"href":"https:\/\/vicerrectorias.utp.edu.co\/responsabilidad-social\/wp-json\/wp\/v2\/types\/post"}],"replies":[{"embeddable":true,"href":"https:\/\/vicerrectorias.utp.edu.co\/responsabilidad-social\/wp-json\/wp\/v2\/comments?post=7781"}],"version-history":[{"count":2,"href":"https:\/\/vicerrectorias.utp.edu.co\/responsabilidad-social\/wp-json\/wp\/v2\/posts\/7781\/revisions"}],"predecessor-version":[{"id":61162,"href":"https:\/\/vicerrectorias.utp.edu.co\/responsabilidad-social\/wp-json\/wp\/v2\/posts\/7781\/revisions\/61162"}],"wp:featuredmedia":[{"embeddable":true,"href":"https:\/\/vicerrectorias.utp.edu.co\/responsabilidad-social\/wp-json\/wp\/v2\/media\/60596"}],"wp:attachment":[{"href":"https:\/\/vicerrectorias.utp.edu.co\/responsabilidad-social\/wp-json\/wp\/v2\/media?parent=7781"}],"wp:term":[{"taxonomy":"category","embeddable":true,"href":"https:\/\/vicerrectorias.utp.edu.co\/responsabilidad-social\/wp-json\/wp\/v2\/categories?post=7781"},{"taxonomy":"post_tag","embeddable":true,"href":"https:\/\/vicerrectorias.utp.edu.co\/responsabilidad-social\/wp-json\/wp\/v2\/tags?post=7781"}],"curies":[{"name":"wp","href":"https:\/\/api.w.org\/{rel}","templated":true}]}}