{"id":7701,"date":"2021-04-26T18:23:52","date_gmt":"2021-04-26T16:23:52","guid":{"rendered":""},"modified":"2024-08-15T15:52:32","modified_gmt":"2024-08-15T13:52:32","slug":"convocatoria-casita-utepitos-2021-1","status":"publish","type":"post","link":"https:\/\/vicerrectorias.utp.edu.co\/responsabilidad-social\/convocatoria-casita-utepitos-2021-1\/","title":{"rendered":"Convocatoria Casita Utepitos 2021-1"},"content":{"rendered":"\n<figure class=\"wp-block-image\"><img decoding=\"async\" src=\"https:\/\/vicerrectorias.utp.edu.co\/responsabilidad-social\/wp-content\/uploads\/sites\/12\/Portada%20UTPITOS_Mesa%20de%20trabajo%201.jpg\" alt=\"\"\/><\/figure>\n\n\n\n<p><span class=\"post-content__span\"> <span>La Universidad Tecnol\u00f3gica de Pereira a trav\u00e9s de la Vicerrector\u00eda de Responsabilidad Social y Bienestar Universitario y El Centro de Desarrollo Infantil Casita Utepitos abren convocatoria orientada a estudiantes madres o padres de familia con hijos entre seis meses y cinco a\u00f1os de edad, que, cumpliendo los requisitos, deseen postular a sus hijos a uno de los cupos disponibles que se tienen habilitados para el a\u00f1o 2021-1<\/span><span>\u200b<\/span><\/p>\n\n\n\n<ul class=\"wp-block-list\"><li><span>Sala cuna (6 meses a 1 a\u00f1o): capacidad 10 cupos; disponibles 8 cupos.<\/span><\/li><li><span>Gateadores (1a 2 a\u00f1os): capacidad 10 cupos; Disponible 3 cupos.<\/span><\/li><li><span>P\u00e1rvulos (2 a 3 a\u00f1os): capacidad 18 cupos; Disponibles 4 cupos.<\/span><\/li><li><span>Prejard\u00edn y jard\u00edn (3 a 5 a\u00f1os): capacidad 20 cupos; Disponible 10 cupos.<\/span><\/li><\/ul>\n\n\n\n<p><span class=\"post-content__span\"> <a href=\"https:\/\/vicerrectorias.utp.edu.co\/responsabilidad-social\/wp-content\/uploads\/sites\/12\/CONVOCATORIA%20DE%20CUPOS%20DISPONIBLES%20EN%20EL%20%20CDI%20UTEPITOS%202021-1.pdf\"><span><strong>Requisitos<\/strong><\/span><\/a><\/p>\n\n\n\n<p><span class=\"post-content__span\"> <span><strong>&nbsp;<a href=\"https:\/\/forms.gle\/qExoL8jNN5U38XjU8\">Link para la inscripci\u00f3n&nbsp;<\/a><\/strong><\/span><\/p>\n\n\n\n<p><span class=\"post-content__span\"> <strong><span>Para mayor informaci\u00f3n: &nbsp; &nbsp; &nbsp; &nbsp;<\/span> &nbsp; &nbsp; &nbsp; &nbsp; &nbsp; &nbsp; &nbsp; &nbsp; &nbsp; &nbsp; &nbsp; &nbsp; &nbsp; &nbsp; &nbsp; &nbsp; &nbsp; &nbsp; &nbsp; &nbsp; &nbsp; &nbsp; &nbsp; &nbsp; &nbsp; &nbsp; &nbsp; &nbsp; &nbsp; &nbsp; &nbsp; &nbsp; &nbsp; &nbsp; &nbsp; &nbsp; &nbsp; &nbsp; &nbsp; &nbsp; &nbsp; &nbsp; &nbsp; &nbsp; &nbsp; &nbsp; &nbsp; &nbsp; &nbsp; &nbsp; &nbsp; &nbsp; &nbsp; &nbsp;&nbsp;<\/strong><\/p>\n\n\n\n<ul class=\"wp-block-list\"><li><span>Oficina ubicada en el edificio 17 UTP Cr. 27 #10-02 La Julita, bloque 17B, entrada a Pinares por la Avenida Juan B Guti\u00e9rrez Casita UTEPITOS.<\/span><\/li><li><span><strong>Email:&nbsp;<\/strong><a href=\"mailto:casitautepitos@gmail.com\">casitautepitos@gmail.com<\/a>;&nbsp;&nbsp;<a href=\"mailto:luzaorozco@utp.edu.co\">luzaorozco@utp.edu.co<\/a><\/span><\/li><li><span><strong>Tel\u00e9fono:&nbsp;<\/strong>3137109 (oficina) &#8211; 3187757521<\/span><\/li><\/ul>\n","protected":false},"excerpt":{"rendered":"<p>La Universidad Tecnol\u00f3gica de Pereira a trav\u00e9s de la Vicerrector\u00eda de Responsabilidad Social y Bienestar Universitario y El Centro de [&hellip;]<\/p>\n","protected":false},"author":0,"featured_media":60588,"comment_status":"closed","ping_status":"closed","sticky":false,"template":"","format":"standard","meta":{"footnotes":""},"categories":[3],"tags":[],"class_list":["post-7701","post","type-post","status-publish","format-standard","has-post-thumbnail","hentry","category-noticias"],"_links":{"self":[{"href":"https:\/\/vicerrectorias.utp.edu.co\/responsabilidad-social\/wp-json\/wp\/v2\/posts\/7701","targetHints":{"allow":["GET"]}}],"collection":[{"href":"https:\/\/vicerrectorias.utp.edu.co\/responsabilidad-social\/wp-json\/wp\/v2\/posts"}],"about":[{"href":"https:\/\/vicerrectorias.utp.edu.co\/responsabilidad-social\/wp-json\/wp\/v2\/types\/post"}],"replies":[{"embeddable":true,"href":"https:\/\/vicerrectorias.utp.edu.co\/responsabilidad-social\/wp-json\/wp\/v2\/comments?post=7701"}],"version-history":[{"count":1,"href":"https:\/\/vicerrectorias.utp.edu.co\/responsabilidad-social\/wp-json\/wp\/v2\/posts\/7701\/revisions"}],"predecessor-version":[{"id":8872,"href":"https:\/\/vicerrectorias.utp.edu.co\/responsabilidad-social\/wp-json\/wp\/v2\/posts\/7701\/revisions\/8872"}],"wp:featuredmedia":[{"embeddable":true,"href":"https:\/\/vicerrectorias.utp.edu.co\/responsabilidad-social\/wp-json\/wp\/v2\/media\/60588"}],"wp:attachment":[{"href":"https:\/\/vicerrectorias.utp.edu.co\/responsabilidad-social\/wp-json\/wp\/v2\/media?parent=7701"}],"wp:term":[{"taxonomy":"category","embeddable":true,"href":"https:\/\/vicerrectorias.utp.edu.co\/responsabilidad-social\/wp-json\/wp\/v2\/categories?post=7701"},{"taxonomy":"post_tag","embeddable":true,"href":"https:\/\/vicerrectorias.utp.edu.co\/responsabilidad-social\/wp-json\/wp\/v2\/tags?post=7701"}],"curies":[{"name":"wp","href":"https:\/\/api.w.org\/{rel}","templated":true}]}}