{"id":7621,"date":"2021-03-26T10:55:19","date_gmt":"2021-03-26T09:55:19","guid":{"rendered":""},"modified":"2024-08-15T14:25:28","modified_gmt":"2024-08-15T12:25:28","slug":"articulo-coronas-dentales","status":"publish","type":"post","link":"https:\/\/vicerrectorias.utp.edu.co\/responsabilidad-social\/articulo-coronas-dentales\/","title":{"rendered":"Art\u00edculo Coronas Dentales"},"content":{"rendered":"\n<p><span class=\"post-content__span\"> <strong>PROMOCI\u00d3N DE LA SALUD INTEGRAL&nbsp;<\/strong><\/p>\n\n\n\n<p><span class=\"post-content__span\"> Te invitamos a que mantengas conectado (da)&nbsp;con nosotros y te informes de todo lo relacionado con el cuidado de nuestra salud oral.&nbsp;Desde hoy iniciamos con nuestra publicaci\u00f3n de art\u00edculos de nuestro odont\u00f3logo <strong>Carlos Hern\u00e1n Buitrago Mej\u00eda.<\/strong><\/p>\n\n\n\n<p><span class=\"post-content__span\"> <a href=\"https:\/\/vicerrectorias.utp.edu.co\/responsabilidad-social\/wp-content\/uploads\/sites\/12\/Coronas%20dentales.pdf\"><em><strong>Art\u00edculo Coronas Dentales<\/strong><\/em><\/a><\/p>\n\n\n\n<p><span class=\"post-content__span\"> <\/p>\n","protected":false},"excerpt":{"rendered":"<p>PROMOCI\u00d3N DE LA SALUD INTEGRAL&nbsp; Te invitamos a que mantengas conectado (da)&nbsp;con nosotros y te informes de todo lo relacionado [&hellip;]<\/p>\n","protected":false},"author":0,"featured_media":60580,"comment_status":"closed","ping_status":"closed","sticky":false,"template":"","format":"standard","meta":{"footnotes":""},"categories":[3],"tags":[],"class_list":["post-7621","post","type-post","status-publish","format-standard","has-post-thumbnail","hentry","category-noticias"],"_links":{"self":[{"href":"https:\/\/vicerrectorias.utp.edu.co\/responsabilidad-social\/wp-json\/wp\/v2\/posts\/7621","targetHints":{"allow":["GET"]}}],"collection":[{"href":"https:\/\/vicerrectorias.utp.edu.co\/responsabilidad-social\/wp-json\/wp\/v2\/posts"}],"about":[{"href":"https:\/\/vicerrectorias.utp.edu.co\/responsabilidad-social\/wp-json\/wp\/v2\/types\/post"}],"replies":[{"embeddable":true,"href":"https:\/\/vicerrectorias.utp.edu.co\/responsabilidad-social\/wp-json\/wp\/v2\/comments?post=7621"}],"version-history":[{"count":2,"href":"https:\/\/vicerrectorias.utp.edu.co\/responsabilidad-social\/wp-json\/wp\/v2\/posts\/7621\/revisions"}],"predecessor-version":[{"id":8881,"href":"https:\/\/vicerrectorias.utp.edu.co\/responsabilidad-social\/wp-json\/wp\/v2\/posts\/7621\/revisions\/8881"}],"wp:featuredmedia":[{"embeddable":true,"href":"https:\/\/vicerrectorias.utp.edu.co\/responsabilidad-social\/wp-json\/wp\/v2\/media\/60580"}],"wp:attachment":[{"href":"https:\/\/vicerrectorias.utp.edu.co\/responsabilidad-social\/wp-json\/wp\/v2\/media?parent=7621"}],"wp:term":[{"taxonomy":"category","embeddable":true,"href":"https:\/\/vicerrectorias.utp.edu.co\/responsabilidad-social\/wp-json\/wp\/v2\/categories?post=7621"},{"taxonomy":"post_tag","embeddable":true,"href":"https:\/\/vicerrectorias.utp.edu.co\/responsabilidad-social\/wp-json\/wp\/v2\/tags?post=7621"}],"curies":[{"name":"wp","href":"https:\/\/api.w.org\/{rel}","templated":true}]}}