{"id":7601,"date":"2021-03-02T14:03:33","date_gmt":"2021-03-02T13:03:33","guid":{"rendered":""},"modified":"2024-08-20T08:52:05","modified_gmt":"2024-08-20T06:52:05","slug":"inducciones-lineas-de-formacion-ssu-2021-1","status":"publish","type":"post","link":"https:\/\/vicerrectorias.utp.edu.co\/responsabilidad-social\/inducciones-lineas-de-formacion-ssu-2021-1\/","title":{"rendered":"Inducciones l\u00edneas de Formaci\u00f3n SSU 2021-1"},"content":{"rendered":"\n<p><span class=\"post-content__span\"> <em><strong><span>SERVICIO SOCIAL UNIVERSITARIO 2021- 1<\/span><\/strong><\/em><\/p>\n\n\n\n<p><span class=\"post-content__span\"> <span><strong><em>L\u00ednea de J\u00f3venes para J\u00f3venes&nbsp;<\/em><\/strong>(<span>Escoge un s\u00f3lo horario)<\/span><\/span><\/p>\n\n\n\n<figure class=\"wp-block-image\"><img decoding=\"async\" src=\"https:\/\/vicerrectorias.utp.edu.co\/responsabilidad-social\/wp-content\/uploads\/sites\/12\/WhatsApp%20Image%202021-02-26%20at%204.35.46%20PM.jpeg\" alt=\"\"\/><\/figure>\n\n\n\n<p><span class=\"post-content__span\"> Mi\u00e9rcoles 10:00 am &#8211; 12:00 m\u00a0<a href=\"https:\/\/meet.google.com\/gov-jfnr-ayf\" target=\"_blank\" rel=\"noreferrer noopener\">meet.google.com\/gov-jfnr-ayf<\/a><\/p>\n\n\n\n<p><span class=\"post-content__span\"> Viernes\u00a0 2:00pm &#8211; 4:00 pm\u00a0<a href=\"https:\/\/meet.google.com\/sme-ccsq-ejp\" target=\"_blank\" rel=\"noreferrer noopener\">meet.google.com\/sme-ccsq-ejp<\/a><\/p>\n\n\n\n<p><span class=\"post-content__span\"> <em><strong><span>C\u00e1tedra de Responsabilidad Social, \u00e9tica y Universidad <\/span><\/strong><\/em><span>(Escoge un s\u00f3lo horario)<\/span><\/p>\n\n\n\n<figure class=\"wp-block-image\"><img decoding=\"async\" src=\"https:\/\/vicerrectorias.utp.edu.co\/responsabilidad-social\/wp-content\/uploads\/sites\/12\/WhatsApp%20Image%202021-02-26%20at%204.39.34%20PM.jpeg\" alt=\"\"\/><\/figure>\n\n\n\n<p><span class=\"post-content__span\"> Jueves 08:00 AM &#8211; 10:00 AM:&nbsp;&nbsp;<a href=\"https:\/\/renata.zoom.us\/meeting\/register\/tZMrdO-trT0pHNN6lCHgU6re8pvhnSWAZpIA\" target=\"_blank\" rel=\"noopener noreferrer\">https:\/\/renata.zoom.us\/meeting\/register\/tZMrdO-trT0pHNN6lCHgU6re8pvhnSWAZpIA<\/a><\/p>\n\n\n\n<p><span class=\"post-content__span\"> &nbsp;Jueves&nbsp;12:00 M &#8211; 2:00 PM:&nbsp;&nbsp;<a href=\"https:\/\/renata.zoom.us\/meeting\/register\/tZMpcOusqj4iEtdfvtF2sy_BhSuEk24mWIE2\" target=\"_blank\" rel=\"noopener noreferrer\">https:\/\/renata.zoom.us\/meeting\/register\/tZMpcOusqj4iEtdfvtF2sy_BhSuEk24mWIE2<\/a><\/p>\n\n\n\n<p><span class=\"post-content__span\"> Jueves&nbsp;2:00 PM A 4:00 PM:&nbsp;&nbsp;<a href=\"https:\/\/renata.zoom.us\/meeting\/register\/tZMpcOusqj4iEtdfvtF2sy_BhSuEk24mWIE2\" target=\"_blank\" rel=\"noopener noreferrer\">https:\/\/renata.zoom.us\/meeting\/register\/tZMpcOusqj4iEtdfvtF2sy_BhSuEk24mWIE2<\/a><\/p>\n\n\n\n<p><span class=\"post-content__span\"> Jueves&nbsp;4:00 PM A 6:00 PM:&nbsp;<span>&nbsp;<\/span><a href=\"https:\/\/renata.zoom.us\/meeting\/register\/tZMpcOusqj4iEtdfvtF2sy_BhSuEk24mWIE2\" target=\"_blank\" rel=\"noopener noreferrer\">https:\/\/renata.zoom.us\/meeting\/register\/tZMpcOusqj4iEtdfvtF2sy_BhSuEk24mWIE2<\/a><\/p>\n\n\n\n<p><span class=\"post-content__span\"> <span><strong><em><span>L\u00ednea de Ciudadan\u00eda y Democracia con&nbsp;\u00e9nfasis en sujetos pol\u00edticos<\/span>&nbsp;<\/em><\/strong>(Escoge un s\u00f3lo horario)<\/span><\/p>\n\n\n\n<figure class=\"wp-block-image\"><img decoding=\"async\" src=\"https:\/\/vicerrectorias.utp.edu.co\/responsabilidad-social\/wp-content\/uploads\/sites\/12\/WhatsApp%20Image%202021-03-01%20at%205.10.17%20PM.jpeg\" alt=\"\"\/><\/figure>\n\n\n\n<p><span class=\"post-content__span\"> Jueves&nbsp;&nbsp;&#8211; 8 am&nbsp;&nbsp;<a href=\"https:\/\/meet.google.com\/pfe-dpfu-cii?hs=122&amp;authuser=2\" rel=\"noreferrer noopener\" target=\"_blank\">meet.google.com\/pfe-dpfu-cii<\/a><\/p>\n\n\n\n<p><span class=\"post-content__span\"> Jueves \u00a0&#8211; 4 pm\u00a0<a href=\"https:\/\/meet.google.com\/ssc-xgyj-wsc?hs=122&amp;authuser=2\" target=\"_blank\" rel=\"noreferrer noopener\">meet.google.com\/ssc-xgyj-wsc<\/a><\/p>\n\n\n\n<p><span class=\"post-content__span\"> <em><strong>L\u00ednea de Principios, Valores y S\u00edmbolos Institucionales\u00a0<\/strong><\/em>(Escoge un s\u00f3lo horario)<\/p>\n\n\n\n<figure class=\"wp-block-image\"><img decoding=\"async\" src=\"https:\/\/vicerrectorias.utp.edu.co\/responsabilidad-social\/wp-content\/uploads\/sites\/12\/WhatsApp%20Image%202021-03-01%20at%205.20.47%20PM.jpeg\" alt=\"\"\/><\/figure>\n\n\n\n<p><span class=\"post-content__span\"> Mi\u00e9rcoles 3 &nbsp;&#8211; 8 am&nbsp; &nbsp;<a href=\"https:\/\/meet.google.com\/ajs-asee-syk?hs=122&amp;authuser=2\" rel=\"noreferrer noopener\" target=\"_blank\">meet.google.com\/ajs-asee-syk<\/a><\/p>\n\n\n\n<p><span class=\"post-content__span\"> Viernes 5 &nbsp;&#8211; 4 pm&nbsp;<a href=\"https:\/\/meet.google.com\/ajs-asee-syk?hs=122&amp;authuser=2\" rel=\"noreferrer noopener\" target=\"_blank\">meet.google.com\/ajs-asee-syk<\/a><\/p>\n\n\n\n<p><span class=\"post-content__span\"> <strong><em>L\u00ednea de Cultura Ciudadana&nbsp;<\/em><\/strong>(Escoge un s\u00f3lo horario)<\/p>\n\n\n\n<figure class=\"wp-block-image\"><img decoding=\"async\" src=\"https:\/\/vicerrectorias.utp.edu.co\/responsabilidad-social\/wp-content\/uploads\/sites\/12\/WhatsApp%20Image%202021-03-02%20at%201.57.42%20PM.jpeg\" alt=\"\"\/><\/figure>\n\n\n\n<p><span class=\"post-content__span\"> Mi\u00e9rcoles 3 :&nbsp;<a href=\"https:\/\/renata.zoom.us\/j\/83213410196\" target=\"_blank\" rel=\"noreferrer noopener\">https:\/\/renata.zoom.us\/j\/83213410196<\/a><\/p>\n\n\n\n<p><span class=\"post-content__span\"> Viernes 5:&nbsp;&nbsp;<a href=\"https:\/\/renata.zoom.us\/j\/89965683804\" target=\"_blank\" rel=\"noreferrer noopener\">https:\/\/renata.zoom.us\/j\/89965683804<\/a><\/p>\n\n\n\n<p><span class=\"post-content__span\"> <em><strong>L\u00ednea de Liderazgo Social&nbsp;<\/strong><\/em>(Escoge un s\u00f3lo horario)<\/p>\n\n\n\n<figure class=\"wp-block-image\"><img decoding=\"async\" src=\"https:\/\/vicerrectorias.utp.edu.co\/responsabilidad-social\/wp-content\/uploads\/sites\/12\/WhatsApp%20Image%202021-03-02%20at%201.57.46%20PM.jpeg\" alt=\"\"\/><\/figure>\n\n\n\n<p><span class=\"post-content__span\"> Jueves 4 a las 10: 00 am:&nbsp;<a href=\"https:\/\/renata.zoom.us\/j\/89479666503\" target=\"_blank\" rel=\"noreferrer noopener\">https:\/\/renata.zoom.us\/j\/89479666503<\/a><\/p>\n\n\n\n<p><span class=\"post-content__span\"> Jueves 4 a las 4: 00 pm:&nbsp;<a href=\"https:\/\/renata.zoom.us\/j\/85803125602\" target=\"_blank\" rel=\"noreferrer noopener\">https:\/\/renata.zoom.us\/j\/85803125602<\/a><\/p>\n","protected":false},"excerpt":{"rendered":"<p>SERVICIO SOCIAL UNIVERSITARIO 2021- 1 L\u00ednea de J\u00f3venes para J\u00f3venes&nbsp;(Escoge un s\u00f3lo horario) Mi\u00e9rcoles 10:00 am &#8211; 12:00 m\u00a0meet.google.com\/gov-jfnr-ayf Viernes\u00a0 [&hellip;]<\/p>\n","protected":false},"author":0,"featured_media":60578,"comment_status":"closed","ping_status":"closed","sticky":false,"template":"","format":"standard","meta":{"footnotes":""},"categories":[3],"tags":[],"class_list":["post-7601","post","type-post","status-publish","format-standard","has-post-thumbnail","hentry","category-noticias"],"_links":{"self":[{"href":"https:\/\/vicerrectorias.utp.edu.co\/responsabilidad-social\/wp-json\/wp\/v2\/posts\/7601","targetHints":{"allow":["GET"]}}],"collection":[{"href":"https:\/\/vicerrectorias.utp.edu.co\/responsabilidad-social\/wp-json\/wp\/v2\/posts"}],"about":[{"href":"https:\/\/vicerrectorias.utp.edu.co\/responsabilidad-social\/wp-json\/wp\/v2\/types\/post"}],"replies":[{"embeddable":true,"href":"https:\/\/vicerrectorias.utp.edu.co\/responsabilidad-social\/wp-json\/wp\/v2\/comments?post=7601"}],"version-history":[{"count":5,"href":"https:\/\/vicerrectorias.utp.edu.co\/responsabilidad-social\/wp-json\/wp\/v2\/posts\/7601\/revisions"}],"predecessor-version":[{"id":61115,"href":"https:\/\/vicerrectorias.utp.edu.co\/responsabilidad-social\/wp-json\/wp\/v2\/posts\/7601\/revisions\/61115"}],"wp:featuredmedia":[{"embeddable":true,"href":"https:\/\/vicerrectorias.utp.edu.co\/responsabilidad-social\/wp-json\/wp\/v2\/media\/60578"}],"wp:attachment":[{"href":"https:\/\/vicerrectorias.utp.edu.co\/responsabilidad-social\/wp-json\/wp\/v2\/media?parent=7601"}],"wp:term":[{"taxonomy":"category","embeddable":true,"href":"https:\/\/vicerrectorias.utp.edu.co\/responsabilidad-social\/wp-json\/wp\/v2\/categories?post=7601"},{"taxonomy":"post_tag","embeddable":true,"href":"https:\/\/vicerrectorias.utp.edu.co\/responsabilidad-social\/wp-json\/wp\/v2\/tags?post=7601"}],"curies":[{"name":"wp","href":"https:\/\/api.w.org\/{rel}","templated":true}]}}