{"id":7581,"date":"2021-02-12T18:25:52","date_gmt":"2021-02-12T17:25:52","guid":{"rendered":""},"modified":"2024-08-16T07:57:14","modified_gmt":"2024-08-16T05:57:14","slug":"comunicado-programa-risaralda-profesional-prp","status":"publish","type":"post","link":"https:\/\/vicerrectorias.utp.edu.co\/responsabilidad-social\/comunicado-programa-risaralda-profesional-prp\/","title":{"rendered":"Comunicado Programa Risaralda Profesional (PRP)"},"content":{"rendered":"\n<p><span class=\"post-content__span\"> La Universidad Tecnol\u00f3gica de Pereira y La Gobernaci\u00f3n de Risaralda se encuentran realizando todas las gestiones correspondientes a la matr\u00edcula de los estudiantes beneficiarios del programa Risaralda Profesional y su respectivo cumplimiento de requisitos.<\/p>\n\n\n\n<p><span class=\"post-content__span\"> En tal sentido, se informa a los interesados que:<br>1. El jueves 11 de febrero de 2021 ser\u00e1 publicado el listado consolidado de estudiantes&nbsp;beneficiados en el programa de Risaralda Profesional.<\/p>\n\n\n\n<p><span class=\"post-content__span\"> 2. Los estudiantes que se encuentren incluidos en este listado ser\u00e1n matriculados por&nbsp;la Universidad Tecnol\u00f3gica de Pereira, y en tal virtud, no tendr\u00e1n que realizar el&nbsp;pago de matr\u00edcula.<\/p>\n\n\n\n<p><span class=\"post-content__span\"> 3. En caso que un estudiante, incluido en este listado, ya haya realizado el pago de la&nbsp;matr\u00edcula, la Universidad Tecnol\u00f3gica de Pereira realizar\u00e1 la devoluci\u00f3n del dinero una vez surtidos todos los tr\u00e1mites administrativos y financieros entre las dos entidades, para lo cual deber\u00e1n estar atentos a futuras comunicaciones que expida la Universidad.<\/p>\n\n\n\n<p><span class=\"post-content__span\"> 4. Si usted no se encuentra incluido en este listado, y est\u00e1 interesado en ingresar a la Universidad Tecnol\u00f3gica de Pereira asumiendo por cuenta propia la matr\u00edcula, debe realizar una solicitud formal de conservaci\u00f3n del cupo ante el comit\u00e9 de admisiones. Para realizar este tr\u00e1mite debe ingresar a trav\u00e9s del enlace de RECONSIDERACIONES ubicado en la p\u00e1gina web de la Universidad, en la secci\u00f3n de Admisiones, Registro y Control Acad\u00e9mico, (\u200bhttps:\/\/www.utp.edu.co\/registro\/\u200b) sobre la franja superior azul, tal como se muestra en la siguiente&nbsp;imagen.<\/p>\n\n\n\n<figure class=\"wp-block-image\"><img decoding=\"async\" src=\"https:\/\/vicerrectorias.utp.edu.co\/responsabilidad-social\/wp-content\/uploads\/sites\/12\/Captura%20de%20Pantalla%202021-02-12%20a%20la(s)%2012.43.42%20p.%C2%A0m..png\" alt=\"\"\/><\/figure>\n\n\n\n<p><span class=\"post-content__span\"> <strong><em>NOTA:&nbsp;<\/em>Es muy importante que tenga en cuenta que para ser beneficiario del programa Risaralda Profesional debe cumplir con los siguientes requisitos m\u00ednimos:<\/strong><\/p>\n\n\n\n<ol class=\"wp-block-list\">\n<li>Haber sido admitido en la Universidad Tecnol\u00f3gica de Pereira para el semestre acad\u00e9mico 2021-1 en alguno de los siguientes programas:\n<ul class=\"wp-block-list\">\n<li>Administraci\u00f3n ambiental<\/li>\n\n\n\n<li>Ciencias del deporte y la recreaci\u00f3n<\/li>\n\n\n\n<li>Ingenier\u00eda de manufactura<\/li>\n\n\n\n<li>Ingenier\u00eda de sistemas y computaci\u00f3n<\/li>\n\n\n\n<li>Ingenier\u00eda el\u00e9ctrica<\/li>\n\n\n\n<li>Ingenier\u00eda en procesos agroindustriales<\/li>\n\n\n\n<li>Ingenier\u00eda en procesos sostenibles de las maderas<\/li>\n\n\n\n<li>Ingenier\u00eda f\u00edsica<\/li>\n\n\n\n<li>Ingenier\u00eda industrial<\/li>\n\n\n\n<li>Ingenier\u00eda mec\u00e1nica<\/li>\n\n\n\n<li>Licenciatura en literatura y lengua castellana<\/li>\n\n\n\n<li>Licenciatura en artes visuales<\/li>\n\n\n\n<li>Licenciatura en biling\u00fcismo con \u00e9nfasis en ingl\u00e9s<\/li>\n\n\n\n<li>Licenciatura en educaci\u00f3n b\u00e1sica primaria<\/li>\n\n\n\n<li>Licenciatura en etnoeducaci\u00f3n<\/li>\n\n\n\n<li>Licenciatura en filosof\u00eda<\/li>\n\n\n\n<li>Licenciatura en m\u00fasica<\/li>\n\n\n\n<li>Licenciatura en tecnolog\u00eda<\/li>\n\n\n\n<li>Medicina<\/li>\n\n\n\n<li>Tecnolog\u00eda el\u00e9ctrica<\/li>\n\n\n\n<li>Tecnolog\u00eda en gesti\u00f3n del turismo sostenible<\/li>\n\n\n\n<li>Tecnolog\u00eda en producci\u00f3n hort\u00edcola<\/li>\n\n\n\n<li>Tecnolog\u00eda industrial<\/li>\n\n\n\n<li>Tecnolog\u00eda qu\u00edmica<\/li>\n<\/ul>\n<\/li>\n\n\n\n<li>Ser estudiante que ingresa por primera vez a la Universidad (usted no puede haber cursado o estar cursando alg\u00fan programa profesional o tecnol\u00f3gico, o ser profesional de \u00e9sta u otra Universidad).<\/li>\n\n\n\n<li>Ser colombiano de nacimiento.<\/li>\n\n\n\n<li>Haber egresado de una instituci\u00f3n p\u00fablica de educaci\u00f3n secundaria.<\/li>\n\n\n\n<li>Ser oriundo de uno de los municipios del departamento de Risaralda. En\u00a0caso de no cumplir con este requisito, debe constar su residencia en el\u00a0departamento de cinco a\u00f1os como m\u00ednimo.<\/li>\n\n\n\n<li>En el caso de ser de Pereira o Dosquebradas, deber\u00e1 acreditar ser de estrato\u00a0uno (Bajo-Bajo).<\/li>\n<\/ol>\n\n\n\n<h3 class=\"wp-block-heading\"><strong><a href=\"https:\/\/vicerrectorias.utp.edu.co\/responsabilidad-social\/wp-content\/uploads\/sites\/12\/2DO%20LISTADO_BENEFICIARIOS%20RISARALDA%20PROFESIONAL.pdf\">Da clic aqu\u00ed&nbsp;para conocer el primer y segundo listado de beneficiarios del Programa De Risaralda Profesional<\/a><\/strong><\/h3>\n","protected":false},"excerpt":{"rendered":"<p>La Universidad Tecnol\u00f3gica de Pereira y La Gobernaci\u00f3n de Risaralda se encuentran realizando todas las gestiones correspondientes a la matr\u00edcula [&hellip;]<\/p>\n","protected":false},"author":0,"featured_media":60576,"comment_status":"closed","ping_status":"closed","sticky":false,"template":"","format":"standard","meta":{"footnotes":""},"categories":[3],"tags":[],"class_list":["post-7581","post","type-post","status-publish","format-standard","has-post-thumbnail","hentry","category-noticias"],"_links":{"self":[{"href":"https:\/\/vicerrectorias.utp.edu.co\/responsabilidad-social\/wp-json\/wp\/v2\/posts\/7581","targetHints":{"allow":["GET"]}}],"collection":[{"href":"https:\/\/vicerrectorias.utp.edu.co\/responsabilidad-social\/wp-json\/wp\/v2\/posts"}],"about":[{"href":"https:\/\/vicerrectorias.utp.edu.co\/responsabilidad-social\/wp-json\/wp\/v2\/types\/post"}],"replies":[{"embeddable":true,"href":"https:\/\/vicerrectorias.utp.edu.co\/responsabilidad-social\/wp-json\/wp\/v2\/comments?post=7581"}],"version-history":[{"count":2,"href":"https:\/\/vicerrectorias.utp.edu.co\/responsabilidad-social\/wp-json\/wp\/v2\/posts\/7581\/revisions"}],"predecessor-version":[{"id":60841,"href":"https:\/\/vicerrectorias.utp.edu.co\/responsabilidad-social\/wp-json\/wp\/v2\/posts\/7581\/revisions\/60841"}],"wp:featuredmedia":[{"embeddable":true,"href":"https:\/\/vicerrectorias.utp.edu.co\/responsabilidad-social\/wp-json\/wp\/v2\/media\/60576"}],"wp:attachment":[{"href":"https:\/\/vicerrectorias.utp.edu.co\/responsabilidad-social\/wp-json\/wp\/v2\/media?parent=7581"}],"wp:term":[{"taxonomy":"category","embeddable":true,"href":"https:\/\/vicerrectorias.utp.edu.co\/responsabilidad-social\/wp-json\/wp\/v2\/categories?post=7581"},{"taxonomy":"post_tag","embeddable":true,"href":"https:\/\/vicerrectorias.utp.edu.co\/responsabilidad-social\/wp-json\/wp\/v2\/tags?post=7581"}],"curies":[{"name":"wp","href":"https:\/\/api.w.org\/{rel}","templated":true}]}}