{"id":7571,"date":"2021-02-08T07:46:03","date_gmt":"2021-02-08T06:46:03","guid":{"rendered":""},"modified":"2024-08-15T15:52:32","modified_gmt":"2024-08-15T13:52:32","slug":"inicio-semana-de-pruebas-y-adaptacion-a-la-vida-u","status":"publish","type":"post","link":"https:\/\/vicerrectorias.utp.edu.co\/responsabilidad-social\/inicio-semana-de-pruebas-y-adaptacion-a-la-vida-u\/","title":{"rendered":"Inicio Semana de Pruebas y Adaptaci\u00f3n a la Vida U"},"content":{"rendered":"\n<p><span class=\"post-content__span\"> La&nbsp;Vicerrector\u00eda de Responsabilidad Social y Bienestar&nbsp;Universitario&nbsp;le da la bienvenida a los estudiantes nuevos matriculados para el primer semestre 2021-1 y les informa que la Semana de Pruebas y Adaptaci\u00f3n a la Vida Universitaria se realizar\u00e1 de manera virtual del 8 al 12 de Febrero de 2021.<\/p>\n\n\n\n<p><span class=\"post-content__span\"> <span>Para cada programa&nbsp;acad\u00e9mico tendremos una programaci\u00f3n diferente, as\u00ed que les pedimos ingresar a la plataforma en el&nbsp;bot\u00f3n de ESTUDIANTES, luego escoger tu jornada (Diurna o Nocturna) y&nbsp;despu\u00e9s tu programa&nbsp;acad\u00e9mico para que puedas&nbsp;acceder a tu&nbsp;programaci\u00f3n.<\/span><\/p>\n\n\n\n<p><span class=\"post-content__span\"> <span>Tambi\u00e9n&nbsp;habr\u00e1 una mesa de ayuda de 7 am a 9 pm jornada continua donde&nbsp;podr\u00e1s aclarar tus dudas, Te invitamos a que le des clic en la imagen para que entres a la plataforma donde se desarrollara la semana,&nbsp;no te&nbsp;preocupes si no sabes navegar en ella, en el lateral izquierdo de la pantalla encontraras un&nbsp;bot\u00f3n&nbsp;(G de colores) donde te ense\u00f1amos&nbsp;como navegar en la plataforma.<\/span><\/p>\n\n\n\n<p><span class=\"post-content__span\"> <em><span><strong>&nbsp;Ingresa&nbsp;tan s\u00f3lo&nbsp;dando clic a la imagen<\/strong>&nbsp;<\/span><\/em><\/p>\n\n\n\n<figure class=\"wp-block-image\"><a href=\"https:\/\/view.genial.ly\/601c4dc51c2d5f0d345d2178\/interactive-content-semana-de-pruebas-y-adaptacion-a-la-vida-universitaria-08-al-13-feb\"><img decoding=\"async\" src=\"https:\/\/vicerrectorias.utp.edu.co\/responsabilidad-social\/wp-content\/uploads\/sites\/12\/Captura%20de%20Pantalla%202021-02-08%20a%20la(s)%207.23.19%20a.%C2%A0m..png\" alt=\"\"\/><\/a><\/figure>\n\n\n\n<p><span class=\"post-content__span\"> <em><strong><span>\u00a1Los invitamos a que se gocen&nbsp;este mundo de inagotables experiencias!<\/span><\/strong><\/em><\/p>\n\n\n\n<p><span class=\"post-content__span\"> <em><strong><span>Bienvenidos a la familia UTP<\/span><\/strong><\/em><\/p>\n","protected":false},"excerpt":{"rendered":"<p>La&nbsp;Vicerrector\u00eda de Responsabilidad Social y Bienestar&nbsp;Universitario&nbsp;le da la bienvenida a los estudiantes nuevos matriculados para el primer semestre 2021-1 y [&hellip;]<\/p>\n","protected":false},"author":0,"featured_media":60575,"comment_status":"closed","ping_status":"closed","sticky":false,"template":"","format":"standard","meta":{"footnotes":""},"categories":[3],"tags":[],"class_list":["post-7571","post","type-post","status-publish","format-standard","has-post-thumbnail","hentry","category-noticias"],"_links":{"self":[{"href":"https:\/\/vicerrectorias.utp.edu.co\/responsabilidad-social\/wp-json\/wp\/v2\/posts\/7571","targetHints":{"allow":["GET"]}}],"collection":[{"href":"https:\/\/vicerrectorias.utp.edu.co\/responsabilidad-social\/wp-json\/wp\/v2\/posts"}],"about":[{"href":"https:\/\/vicerrectorias.utp.edu.co\/responsabilidad-social\/wp-json\/wp\/v2\/types\/post"}],"replies":[{"embeddable":true,"href":"https:\/\/vicerrectorias.utp.edu.co\/responsabilidad-social\/wp-json\/wp\/v2\/comments?post=7571"}],"version-history":[{"count":1,"href":"https:\/\/vicerrectorias.utp.edu.co\/responsabilidad-social\/wp-json\/wp\/v2\/posts\/7571\/revisions"}],"predecessor-version":[{"id":8887,"href":"https:\/\/vicerrectorias.utp.edu.co\/responsabilidad-social\/wp-json\/wp\/v2\/posts\/7571\/revisions\/8887"}],"wp:featuredmedia":[{"embeddable":true,"href":"https:\/\/vicerrectorias.utp.edu.co\/responsabilidad-social\/wp-json\/wp\/v2\/media\/60575"}],"wp:attachment":[{"href":"https:\/\/vicerrectorias.utp.edu.co\/responsabilidad-social\/wp-json\/wp\/v2\/media?parent=7571"}],"wp:term":[{"taxonomy":"category","embeddable":true,"href":"https:\/\/vicerrectorias.utp.edu.co\/responsabilidad-social\/wp-json\/wp\/v2\/categories?post=7571"},{"taxonomy":"post_tag","embeddable":true,"href":"https:\/\/vicerrectorias.utp.edu.co\/responsabilidad-social\/wp-json\/wp\/v2\/tags?post=7571"}],"curies":[{"name":"wp","href":"https:\/\/api.w.org\/{rel}","templated":true}]}}