{"id":7561,"date":"2021-02-03T19:06:00","date_gmt":"2021-02-03T18:06:00","guid":{"rendered":""},"modified":"2024-08-15T15:52:32","modified_gmt":"2024-08-15T13:52:32","slug":"semana-de-pruebas-adaptacion-a-la-vida-u","status":"publish","type":"post","link":"https:\/\/vicerrectorias.utp.edu.co\/responsabilidad-social\/semana-de-pruebas-adaptacion-a-la-vida-u\/","title":{"rendered":"Semana de pruebas &#8211; adaptaci\u00f3n a la vida U"},"content":{"rendered":"\n<p><span class=\"post-content__span\"> <span><span><strong>Semana de pruebas y adaptaci\u00f3n a la vida universitaria 2021-1<\/strong><\/span><\/span><\/p>\n\n\n\n<p><span class=\"post-content__span\"> <span>Del 8 al 13 de Febrero del 2021 la Universidad Tecnol\u00f3gica de Pereira&nbsp;le da no s\u00f3lo&nbsp;la&nbsp;bienvenida a los estudiantes&nbsp;nuevos que ingresas a los diferentes programas&nbsp;acad\u00e9micos, sino que interactuara virtualmente a&nbsp;trav\u00e9s de diferentes actividades que los familiariza con la vida universitaria que&nbsp;emprender\u00e1n.<\/span><\/p>\n\n\n\n<p><span class=\"post-content__span\"> <span>Para cada programa&nbsp;acad\u00e9mico tendremos una programaci\u00f3n diferente, as\u00ed que les pedimos estar atentos a su correo electr\u00f3nico, pues all\u00ed recibir\u00e1n toda la informaci\u00f3n que necesitan.<\/span><\/p>\n\n\n\n<p><span class=\"post-content__span\"> <span>Finalmente los invitamos para que participen el jueves 4 de&nbsp;febrero de 2021 en&nbsp;un espacio previo de la semana de pruebas y&nbsp;adaptaci\u00f3n a la vida universitaria, donde se te orientara sobre las diferentes plataformas virtuales que utilizaras durante la semana y el proceso&nbsp;acad\u00e9mico.<\/span><\/p>\n\n\n\n<figure class=\"wp-block-image\"><img decoding=\"async\" src=\"https:\/\/vicerrectorias.utp.edu.co\/responsabilidad-social\/wp-content\/uploads\/sites\/12\/WhatsApp%20Image%202021-02-03%20at%206.22.53%20PM.jpeg\" alt=\"\"\/><\/figure>\n\n\n\n<p><span class=\"post-content__span\"> <a href=\"https:\/\/www.youtube.com\/user\/univirtualutp\"><span><\/span><\/a><\/p>\n\n\n\n<p><span class=\"post-content__span\"> <span>\u00a1Bienvenidos a la&nbsp;<a class=\"oajrlxb2 g5ia77u1 qu0x051f esr5mh6w e9989ue4 r7d6kgcz rq0escxv nhd2j8a9 nc684nl6 p7hjln8o kvgmc6g5 cxmmr5t8 oygrvhab hcukyx3x jb3vyjys rz4wbd8a qt6c0cv9 a8nywdso i1ao9s8h esuyzwwr f1sip0of lzcic4wl oo9gr5id gpro0wi8 lrazzd5p\" href=\"https:\/\/www.facebook.com\/hashtag\/utpereira?__eep__=6&amp;__cft__[0]=AZUnywY4BGYTBIMh0p30Ss-wIkfk4JJZ44Ctr8emQrDvAo25d8TTy0pFE5HFqaNaCXrwJqxx4kU4vansBvhIQs5UzLrpJtV6ulxVCW0aQqpPrDRt5B2ScEswYV4spzeqa0w8MbKZoODoOWFb7JQXQN6z&amp;__tn__=*NK*F\" tabindex=\"0\">#UTPereira<\/a>&nbsp;!<\/span><\/p>\n","protected":false},"excerpt":{"rendered":"<p>Semana de pruebas y adaptaci\u00f3n a la vida universitaria 2021-1 Del 8 al 13 de Febrero del 2021 la Universidad [&hellip;]<\/p>\n","protected":false},"author":0,"featured_media":60574,"comment_status":"closed","ping_status":"closed","sticky":false,"template":"","format":"standard","meta":{"footnotes":""},"categories":[3],"tags":[],"class_list":["post-7561","post","type-post","status-publish","format-standard","has-post-thumbnail","hentry","category-noticias"],"_links":{"self":[{"href":"https:\/\/vicerrectorias.utp.edu.co\/responsabilidad-social\/wp-json\/wp\/v2\/posts\/7561","targetHints":{"allow":["GET"]}}],"collection":[{"href":"https:\/\/vicerrectorias.utp.edu.co\/responsabilidad-social\/wp-json\/wp\/v2\/posts"}],"about":[{"href":"https:\/\/vicerrectorias.utp.edu.co\/responsabilidad-social\/wp-json\/wp\/v2\/types\/post"}],"replies":[{"embeddable":true,"href":"https:\/\/vicerrectorias.utp.edu.co\/responsabilidad-social\/wp-json\/wp\/v2\/comments?post=7561"}],"version-history":[{"count":1,"href":"https:\/\/vicerrectorias.utp.edu.co\/responsabilidad-social\/wp-json\/wp\/v2\/posts\/7561\/revisions"}],"predecessor-version":[{"id":8888,"href":"https:\/\/vicerrectorias.utp.edu.co\/responsabilidad-social\/wp-json\/wp\/v2\/posts\/7561\/revisions\/8888"}],"wp:featuredmedia":[{"embeddable":true,"href":"https:\/\/vicerrectorias.utp.edu.co\/responsabilidad-social\/wp-json\/wp\/v2\/media\/60574"}],"wp:attachment":[{"href":"https:\/\/vicerrectorias.utp.edu.co\/responsabilidad-social\/wp-json\/wp\/v2\/media?parent=7561"}],"wp:term":[{"taxonomy":"category","embeddable":true,"href":"https:\/\/vicerrectorias.utp.edu.co\/responsabilidad-social\/wp-json\/wp\/v2\/categories?post=7561"},{"taxonomy":"post_tag","embeddable":true,"href":"https:\/\/vicerrectorias.utp.edu.co\/responsabilidad-social\/wp-json\/wp\/v2\/tags?post=7561"}],"curies":[{"name":"wp","href":"https:\/\/api.w.org\/{rel}","templated":true}]}}