{"id":7531,"date":"2020-12-04T09:05:28","date_gmt":"2020-12-04T08:05:28","guid":{"rendered":""},"modified":"2024-08-15T15:52:33","modified_gmt":"2024-08-15T13:52:33","slug":"adecuacion-funcional-en-el-edificio-2","status":"publish","type":"post","link":"https:\/\/vicerrectorias.utp.edu.co\/responsabilidad-social\/adecuacion-funcional-en-el-edificio-2\/","title":{"rendered":"Adecuaci\u00f3n funcional en el Edificio 2"},"content":{"rendered":"\n<p><span class=\"post-content__span\"> <span><em><strong>\u200bAdecuaci\u00f3n funcional en el Edificio 2&nbsp;\u00abBienestar Universitari<\/strong><strong>o\u00bb <\/strong><\/em><\/span><\/p>\n\n\n\n<p><span class=\"post-content__span\"> <span><em><strong>a punto de terminar<\/strong><\/em><\/span><\/p>\n\n\n\n<figure class=\"wp-block-image\"><img decoding=\"async\" src=\"https:\/\/vicerrectorias.utp.edu.co\/responsabilidad-social\/wp-content\/uploads\/sites\/12\/Bienestar1.jpeg\" alt=\"\"\/><\/figure>\n\n\n\n<p><span class=\"post-content__span\"> <strong>Diciembre 2020.-<\/strong>&nbsp;Con el objetivo de generar un mejor ambiente de trabajo que contribuya al bienestar, el clima organizacional y la calidad de vida del talento humano de la Vicerrector\u00eda, as\u00ed como dar respuesta a las necesidades de los procesos para la formaci\u00f3n integral, el desarrollo social e intercultural , la corresponsabilidad social y el acompa\u00f1amiento biopsicosocial, entre otros, se adelantan obras de mejoramiento de espacios de atenci\u00f3n a la comunidad universitaria en el Edificio 2, en donde opera la Vicerrector\u00eda de Responsabilidad Social y Bienestar Universitario&#8230;<\/p>\n\n\n\n<p><span class=\"post-content__span\"> Dentro de los trabajos que se adelantan y que se estar\u00edan entregando antes de finalizar el a\u00f1o est\u00e1n: el cambio de cubierta de asbesto cemento por teja termoac\u00fastica.<\/p>\n\n\n\n<p><span class=\"post-content__span\"> Tambi\u00e9n se instalar\u00e1 cielo raso con aislamiento, muros nuevos en sistema liviano y divisiones en vidrio, cristalizado de piso, puertas nuevas en aluminio y vidrio, cambio de luminarias, instalaciones el\u00e9ctricas y de datos y cambio de ventanas con vidrios especiales, para mitigar la asolaci\u00f3n.<\/p>\n\n\n\n<p><span class=\"post-content__span\"> As\u00ed mismo, la distribuci\u00f3n al interior tendr\u00e1 un dise\u00f1o m\u00e1s abierto, acorde con oficinas que prestan atenci\u00f3n a usuarios.<\/p>\n\n\n\n<p><span class=\"post-content__span\"> El proyecto representa una inversi\u00f3n aproximada a los 390 millones de pesos y se ejecuta con recursos propios y del Plan de Fomento del MEN; y generar\u00e1n a lo largo del proceso unos 40 empleos entre directos e indirectos.<\/p>\n\n\n\n<p><span class=\"post-content__span\"> Con estas adecuaciones se responde tambi\u00e9n a solicitudes realizadas por los estamentos en distintos espacios de discusi\u00f3n.<\/p>\n\n\n\n<figure class=\"wp-block-image\"><img decoding=\"async\" src=\"https:\/\/vicerrectorias.utp.edu.co\/responsabilidad-social\/wp-content\/uploads\/sites\/12\/Bienestar5.jpeg\" alt=\"\"\/><\/figure>\n\n\n\n<figure class=\"wp-block-image\"><img decoding=\"async\" src=\"https:\/\/vicerrectorias.utp.edu.co\/responsabilidad-social\/wp-content\/uploads\/sites\/12\/Bienestar.jpeg\" alt=\"\"\/><\/figure>\n\n\n\n<p><span class=\"post-content__span\"> <span><strong>#DesdeCasaConstruimosUTP<\/strong><\/span><\/p>\n","protected":false},"excerpt":{"rendered":"<p>\u200bAdecuaci\u00f3n funcional en el Edificio 2&nbsp;\u00abBienestar Universitario\u00bb a punto de terminar Diciembre 2020.-&nbsp;Con el objetivo de generar un mejor ambiente [&hellip;]<\/p>\n","protected":false},"author":0,"featured_media":60570,"comment_status":"closed","ping_status":"closed","sticky":false,"template":"","format":"standard","meta":{"footnotes":""},"categories":[3],"tags":[],"class_list":["post-7531","post","type-post","status-publish","format-standard","has-post-thumbnail","hentry","category-noticias"],"_links":{"self":[{"href":"https:\/\/vicerrectorias.utp.edu.co\/responsabilidad-social\/wp-json\/wp\/v2\/posts\/7531","targetHints":{"allow":["GET"]}}],"collection":[{"href":"https:\/\/vicerrectorias.utp.edu.co\/responsabilidad-social\/wp-json\/wp\/v2\/posts"}],"about":[{"href":"https:\/\/vicerrectorias.utp.edu.co\/responsabilidad-social\/wp-json\/wp\/v2\/types\/post"}],"replies":[{"embeddable":true,"href":"https:\/\/vicerrectorias.utp.edu.co\/responsabilidad-social\/wp-json\/wp\/v2\/comments?post=7531"}],"version-history":[{"count":1,"href":"https:\/\/vicerrectorias.utp.edu.co\/responsabilidad-social\/wp-json\/wp\/v2\/posts\/7531\/revisions"}],"predecessor-version":[{"id":8892,"href":"https:\/\/vicerrectorias.utp.edu.co\/responsabilidad-social\/wp-json\/wp\/v2\/posts\/7531\/revisions\/8892"}],"wp:featuredmedia":[{"embeddable":true,"href":"https:\/\/vicerrectorias.utp.edu.co\/responsabilidad-social\/wp-json\/wp\/v2\/media\/60570"}],"wp:attachment":[{"href":"https:\/\/vicerrectorias.utp.edu.co\/responsabilidad-social\/wp-json\/wp\/v2\/media?parent=7531"}],"wp:term":[{"taxonomy":"category","embeddable":true,"href":"https:\/\/vicerrectorias.utp.edu.co\/responsabilidad-social\/wp-json\/wp\/v2\/categories?post=7531"},{"taxonomy":"post_tag","embeddable":true,"href":"https:\/\/vicerrectorias.utp.edu.co\/responsabilidad-social\/wp-json\/wp\/v2\/tags?post=7531"}],"curies":[{"name":"wp","href":"https:\/\/api.w.org\/{rel}","templated":true}]}}