{"id":7511,"date":"2020-12-01T12:58:57","date_gmt":"2020-12-01T11:58:57","guid":{"rendered":""},"modified":"2024-08-15T15:52:33","modified_gmt":"2024-08-15T13:52:33","slug":"bienestar-informa-30112020","status":"publish","type":"post","link":"https:\/\/vicerrectorias.utp.edu.co\/responsabilidad-social\/bienestar-informa-30112020\/","title":{"rendered":"Bienestar informa 30\/11\/2020"},"content":{"rendered":"\n<p><span class=\"post-content__span\"> <span>Del 15 al 30 de noviembre se realizaron m\u00faltiples actividades, de actividad f\u00edsica, socializaci\u00f3n de talleres de las l\u00edneas de formaci\u00f3n del servicio social universitario, de salud mental, reconocimiento y entrega de premios, entre otros temas de inter\u00e9s para la comunidad universitaria, a lo anteriormente mencionado se le realiz\u00f3 difusi\u00f3n por los medios de comunicaci\u00f3n propios de nuestra Vicerrector\u00eda como lo son: el Facebook, y nuestra p\u00e1gina Web, por esto si no pudiste participar en alguno de estos eventos ampl\u00eda la informaci\u00f3n leyendo nuestro bolet\u00edn informativo.<\/span><\/p>\n\n\n\n<figure class=\"wp-block-image\"><img decoding=\"async\" src=\"https:\/\/vicerrectorias.utp.edu.co\/responsabilidad-social\/wp-content\/uploads\/sites\/12\/Boletin%2030%20de%20noviembre-01.jpg\" alt=\"\"\/><\/figure>\n","protected":false},"excerpt":{"rendered":"<p>Del 15 al 30 de noviembre se realizaron m\u00faltiples actividades, de actividad f\u00edsica, socializaci\u00f3n de talleres de las l\u00edneas de [&hellip;]<\/p>\n","protected":false},"author":0,"featured_media":60568,"comment_status":"closed","ping_status":"closed","sticky":false,"template":"","format":"standard","meta":{"footnotes":""},"categories":[3],"tags":[],"class_list":["post-7511","post","type-post","status-publish","format-standard","has-post-thumbnail","hentry","category-noticias"],"_links":{"self":[{"href":"https:\/\/vicerrectorias.utp.edu.co\/responsabilidad-social\/wp-json\/wp\/v2\/posts\/7511","targetHints":{"allow":["GET"]}}],"collection":[{"href":"https:\/\/vicerrectorias.utp.edu.co\/responsabilidad-social\/wp-json\/wp\/v2\/posts"}],"about":[{"href":"https:\/\/vicerrectorias.utp.edu.co\/responsabilidad-social\/wp-json\/wp\/v2\/types\/post"}],"replies":[{"embeddable":true,"href":"https:\/\/vicerrectorias.utp.edu.co\/responsabilidad-social\/wp-json\/wp\/v2\/comments?post=7511"}],"version-history":[{"count":1,"href":"https:\/\/vicerrectorias.utp.edu.co\/responsabilidad-social\/wp-json\/wp\/v2\/posts\/7511\/revisions"}],"predecessor-version":[{"id":8894,"href":"https:\/\/vicerrectorias.utp.edu.co\/responsabilidad-social\/wp-json\/wp\/v2\/posts\/7511\/revisions\/8894"}],"wp:featuredmedia":[{"embeddable":true,"href":"https:\/\/vicerrectorias.utp.edu.co\/responsabilidad-social\/wp-json\/wp\/v2\/media\/60568"}],"wp:attachment":[{"href":"https:\/\/vicerrectorias.utp.edu.co\/responsabilidad-social\/wp-json\/wp\/v2\/media?parent=7511"}],"wp:term":[{"taxonomy":"category","embeddable":true,"href":"https:\/\/vicerrectorias.utp.edu.co\/responsabilidad-social\/wp-json\/wp\/v2\/categories?post=7511"},{"taxonomy":"post_tag","embeddable":true,"href":"https:\/\/vicerrectorias.utp.edu.co\/responsabilidad-social\/wp-json\/wp\/v2\/tags?post=7511"}],"curies":[{"name":"wp","href":"https:\/\/api.w.org\/{rel}","templated":true}]}}