{"id":7501,"date":"2020-11-26T15:22:57","date_gmt":"2020-11-26T14:22:57","guid":{"rendered":""},"modified":"2024-08-16T09:29:35","modified_gmt":"2024-08-16T07:29:35","slug":"convocatoria-cdi-casita-utepitos-ano-2021","status":"publish","type":"post","link":"https:\/\/vicerrectorias.utp.edu.co\/responsabilidad-social\/convocatoria-cdi-casita-utepitos-ano-2021\/","title":{"rendered":"CONVOCATORIA CDI CASITA UTEPITOS \u2013 A\u00d1O 2021"},"content":{"rendered":"\n<p><span class=\"post-content__span\"> <span>La Universidad Tecnol\u00f3gica de Pereira informa a los estudiantes que sean madre o padre con hijos menores a cinco a\u00f1os de edad, que se abren las inscripciones del 25 de noviembre al 4 de diciembre para cubrir&nbsp;<\/span><strong>19 CUPOS DISPONIBLES en el CDI UTEPITOS<\/strong><span>&nbsp;<\/span><strong>para el I semestre de 2021<\/strong><span>, en las siguientes modalidades:<\/span><\/p>\n\n\n\n<p><span class=\"post-content__span\"> &#8211; Sala cuna (6 meses a 1 a\u00f1o): 9 cupos disponibles.<\/p>\n\n\n\n<p><span class=\"post-content__span\"> &#8211; Gateadores (1a 2 a\u00f1os): 2 cupos disponibles<\/p>\n\n\n\n<p><span class=\"post-content__span\"> &#8211; P\u00e1rvulos (2 a 3 a\u00f1os): 1 cupo disponible<\/p>\n\n\n\n<p><span class=\"post-content__span\"> &#8211; Pre jard\u00edn y jard\u00edn (3 a 5 a\u00f1os): 7 cupos disponibles<\/p>\n\n\n\n<p><span class=\"post-content__span\"> La informaci\u00f3n completa sobre requisitos e inscripci\u00f3n se adjunta en documento soporte y las inscripciones ser\u00e1n recepcionadas \u00fanicamente dentro de las fechas establecidas en la convocatoria a trav\u00e9s del formulario que se encuentra en el Link&nbsp;<strong><a href=\"https:\/\/docs.google.com\/forms\/d\/1sZrl5j2IcvGkCboJgAcO_oTooRZjW9Gka-9NFShzyH0\/edit\" target=\"_blank\" rel=\"noopener noreferrer\">https:\/\/docs.google.com\/forms\/d\/1sZrl5j2IcvGkCboJgAcO_oTooRZjW9Gka-9NFShzyH0\/edit<\/a>&nbsp;&nbsp;<\/strong><\/p>\n\n\n\n<figure class=\"wp-block-image size-full\"><img loading=\"lazy\" decoding=\"async\" width=\"1241\" height=\"1755\" src=\"https:\/\/vicerrectorias.utp.edu.co\/responsabilidad-social\/wp-content\/uploads\/sites\/12\/Sin-titulo-1-01.jpg\" alt=\"\" class=\"wp-image-60894\"\/><\/figure>\n\n\n\n<figure class=\"wp-block-image size-full\"><img loading=\"lazy\" decoding=\"async\" width=\"1242\" height=\"1755\" src=\"https:\/\/vicerrectorias.utp.edu.co\/responsabilidad-social\/wp-content\/uploads\/sites\/12\/Sin-titulo-1-02.jpg\" alt=\"\" class=\"wp-image-60895\"\/><\/figure>\n\n\n\n<figure class=\"wp-block-image size-full\"><img loading=\"lazy\" decoding=\"async\" width=\"1242\" height=\"1755\" src=\"https:\/\/vicerrectorias.utp.edu.co\/responsabilidad-social\/wp-content\/uploads\/sites\/12\/Sin-titulo-1-03.jpg\" alt=\"\" class=\"wp-image-60896\"\/><\/figure>\n\n\n\n<figure class=\"wp-block-image size-full\"><img loading=\"lazy\" decoding=\"async\" width=\"1241\" height=\"1755\" src=\"https:\/\/vicerrectorias.utp.edu.co\/responsabilidad-social\/wp-content\/uploads\/sites\/12\/Sin-titulo-1-04.jpg\" alt=\"\" class=\"wp-image-60897\"\/><\/figure>\n","protected":false},"excerpt":{"rendered":"<p>La Universidad Tecnol\u00f3gica de Pereira informa a los estudiantes que sean madre o padre con hijos menores a cinco a\u00f1os [&hellip;]<\/p>\n","protected":false},"author":0,"featured_media":60567,"comment_status":"closed","ping_status":"closed","sticky":false,"template":"","format":"standard","meta":{"footnotes":""},"categories":[3],"tags":[],"class_list":["post-7501","post","type-post","status-publish","format-standard","has-post-thumbnail","hentry","category-noticias"],"_links":{"self":[{"href":"https:\/\/vicerrectorias.utp.edu.co\/responsabilidad-social\/wp-json\/wp\/v2\/posts\/7501","targetHints":{"allow":["GET"]}}],"collection":[{"href":"https:\/\/vicerrectorias.utp.edu.co\/responsabilidad-social\/wp-json\/wp\/v2\/posts"}],"about":[{"href":"https:\/\/vicerrectorias.utp.edu.co\/responsabilidad-social\/wp-json\/wp\/v2\/types\/post"}],"replies":[{"embeddable":true,"href":"https:\/\/vicerrectorias.utp.edu.co\/responsabilidad-social\/wp-json\/wp\/v2\/comments?post=7501"}],"version-history":[{"count":2,"href":"https:\/\/vicerrectorias.utp.edu.co\/responsabilidad-social\/wp-json\/wp\/v2\/posts\/7501\/revisions"}],"predecessor-version":[{"id":60898,"href":"https:\/\/vicerrectorias.utp.edu.co\/responsabilidad-social\/wp-json\/wp\/v2\/posts\/7501\/revisions\/60898"}],"wp:featuredmedia":[{"embeddable":true,"href":"https:\/\/vicerrectorias.utp.edu.co\/responsabilidad-social\/wp-json\/wp\/v2\/media\/60567"}],"wp:attachment":[{"href":"https:\/\/vicerrectorias.utp.edu.co\/responsabilidad-social\/wp-json\/wp\/v2\/media?parent=7501"}],"wp:term":[{"taxonomy":"category","embeddable":true,"href":"https:\/\/vicerrectorias.utp.edu.co\/responsabilidad-social\/wp-json\/wp\/v2\/categories?post=7501"},{"taxonomy":"post_tag","embeddable":true,"href":"https:\/\/vicerrectorias.utp.edu.co\/responsabilidad-social\/wp-json\/wp\/v2\/tags?post=7501"}],"curies":[{"name":"wp","href":"https:\/\/api.w.org\/{rel}","templated":true}]}}