{"id":7441,"date":"2020-11-17T18:59:13","date_gmt":"2020-11-17T17:59:13","guid":{"rendered":""},"modified":"2024-08-15T15:52:33","modified_gmt":"2024-08-15T13:52:33","slug":"bienestar-informa-17112020","status":"publish","type":"post","link":"https:\/\/vicerrectorias.utp.edu.co\/responsabilidad-social\/bienestar-informa-17112020\/","title":{"rendered":"Bienestar informa 17\/11\/2020"},"content":{"rendered":"\n<p><span class=\"post-content__span\"> Del 01 al 15 de noviembre se realizaron m\u00faltiples actividades de deporte, actividad f\u00edsica, conversatorios en salud mental y f\u00edsica, entre otros temas de inter\u00e9s para la comunidad universitaria, a lo anteriormente mencionado se le realiz\u00f3 difusi\u00f3n por los medios de comunicaci\u00f3n propios de nuestra vicerrector\u00eda como lo son: el Facebook, y nuestra p\u00e1gina Web, por esto sino no pudiste participar en alguno de estos eventos ampl\u00eda la informaci\u00f3n leyendo nuestro bolet\u00edn informativo.<\/p>\n\n\n\n<figure class=\"wp-block-image\"><img decoding=\"async\" src=\"https:\/\/vicerrectorias.utp.edu.co\/responsabilidad-social\/wp-content\/uploads\/sites\/12\/Boletin%2017%20de%20Noviembre-01.jpg\" alt=\"\"\/><\/figure>\n","protected":false},"excerpt":{"rendered":"<p>Del 01 al 15 de noviembre se realizaron m\u00faltiples actividades de deporte, actividad f\u00edsica, conversatorios en salud mental y f\u00edsica, [&hellip;]<\/p>\n","protected":false},"author":0,"featured_media":60565,"comment_status":"closed","ping_status":"closed","sticky":false,"template":"","format":"standard","meta":{"footnotes":""},"categories":[3],"tags":[],"class_list":["post-7441","post","type-post","status-publish","format-standard","has-post-thumbnail","hentry","category-noticias"],"_links":{"self":[{"href":"https:\/\/vicerrectorias.utp.edu.co\/responsabilidad-social\/wp-json\/wp\/v2\/posts\/7441","targetHints":{"allow":["GET"]}}],"collection":[{"href":"https:\/\/vicerrectorias.utp.edu.co\/responsabilidad-social\/wp-json\/wp\/v2\/posts"}],"about":[{"href":"https:\/\/vicerrectorias.utp.edu.co\/responsabilidad-social\/wp-json\/wp\/v2\/types\/post"}],"replies":[{"embeddable":true,"href":"https:\/\/vicerrectorias.utp.edu.co\/responsabilidad-social\/wp-json\/wp\/v2\/comments?post=7441"}],"version-history":[{"count":1,"href":"https:\/\/vicerrectorias.utp.edu.co\/responsabilidad-social\/wp-json\/wp\/v2\/posts\/7441\/revisions"}],"predecessor-version":[{"id":8898,"href":"https:\/\/vicerrectorias.utp.edu.co\/responsabilidad-social\/wp-json\/wp\/v2\/posts\/7441\/revisions\/8898"}],"wp:featuredmedia":[{"embeddable":true,"href":"https:\/\/vicerrectorias.utp.edu.co\/responsabilidad-social\/wp-json\/wp\/v2\/media\/60565"}],"wp:attachment":[{"href":"https:\/\/vicerrectorias.utp.edu.co\/responsabilidad-social\/wp-json\/wp\/v2\/media?parent=7441"}],"wp:term":[{"taxonomy":"category","embeddable":true,"href":"https:\/\/vicerrectorias.utp.edu.co\/responsabilidad-social\/wp-json\/wp\/v2\/categories?post=7441"},{"taxonomy":"post_tag","embeddable":true,"href":"https:\/\/vicerrectorias.utp.edu.co\/responsabilidad-social\/wp-json\/wp\/v2\/tags?post=7441"}],"curies":[{"name":"wp","href":"https:\/\/api.w.org\/{rel}","templated":true}]}}