{"id":7421,"date":"2020-11-09T10:59:40","date_gmt":"2020-11-09T09:59:40","guid":{"rendered":""},"modified":"2024-08-16T09:14:44","modified_gmt":"2024-08-16T07:14:44","slug":"convocatoria-becas-talento-2021-1","status":"publish","type":"post","link":"https:\/\/vicerrectorias.utp.edu.co\/responsabilidad-social\/convocatoria-becas-talento-2021-1\/","title":{"rendered":"Convocatoria Becas Talento 2021-1"},"content":{"rendered":"\n<p><span class=\"post-content__span\"> <\/p>\n\n\n\n<p><span class=\"post-content__span\"> <strong>Convocatoria Becas Talento estudiantes programas jornada regular UTP para 2021-1<\/strong><\/p>\n\n\n\n<p><span class=\"post-content__span\"> <strong>Empresas: Gerenciar y Pentagrama<\/strong><\/p>\n\n\n\n<p><span class=\"post-content__span\"> La Vicerrector\u00eda de Responsabilidad Social y Bienestar Universitario de la UTP, abre la convocatoria para 9 nuevos cupos en el programa&nbsp;<strong>Becas Talento<\/strong>&nbsp;otorgadas 4 de ellas por el&nbsp;<strong>&nbsp;Gerenciar<\/strong>&nbsp;y 5 por la empresa&nbsp;<strong>Pentagrama<\/strong>&nbsp;(2 de estos \u00faltimos repartidos as\u00ed: 1. Ingeniero Industrial y 1. Ingeniero de Sistemas y Computaci\u00f3n), los dem\u00e1s cupos tienen alcance a todos los programas acad\u00e9micos de jornada regular de la Universidad.<\/p>\n\n\n\n<p><span class=\"post-content__span\"> <strong>Requisitos del programa becas talento UTP:<\/strong>&nbsp;<\/p>\n\n\n\n<ul class=\"wp-block-list\">\n<li>Ser estudiante activo de la Universidad Tecnol\u00f3gica de Pereira.<\/li>\n\n\n\n<li>Si el estudiante es antiguo, haber aprobado por lo menos el 80% sobre loscr\u00e9ditos exigidos por el programa acad\u00e9mico acorde al \u00faltimo\u00a0 \u00a0 \u00a0 \u00a0 semestre matriculado.\u00a0<\/li>\n\n\n\n<li>Para los estudiantes que ingresan por talento acad\u00e9mico, es necesario tener un promedio del semestre inmediatamente anterior y\u00a0 \u00a0 \u00a0 \u00a0 \u00a0 \u00a0 \u00a0 \u00a0 \u00a0 acumulado de carrera de 4.0 o superior.\u00a0<\/li>\n\n\n\n<li>Para el ingreso, el estudiante\u00a0<strong>deber\u00e1 estar cursando de cuarto semestre en adelante para carreras profesionales y tercero en adelante para tecnolog\u00edas<\/strong>. El requisito de semestres cursados podr\u00e1 variar de acuerdo al programa acad\u00e9mico siempre y cuando no superen el 80% de los cr\u00e9ditos aprobados seg\u00fan semestre de ubicaci\u00f3n.<\/li>\n\n\n\n<li>Pertenecer a los estratos sociales 1, 2 y casos especiales de estrato social 3 y se evaluar\u00e1n casos excepcionales de otros estratos socioecon\u00f3micos.<\/li>\n\n\n\n<li>No contar con becas otorgadas por otras instancias para adelantar sus estudios.<\/li>\n<\/ul>\n\n\n\n<p><span class=\"post-content__span\"> <strong>Derechos:<\/strong><\/p>\n\n\n\n<ul class=\"wp-block-list\">\n<li>Bono de Matr\u00edcula semestral por el 100% del valor liquidado de matr\u00edcula total. En caso tal que el estudiante obtenga la matr\u00edcula de honor, el valor\u00a0 \u00a0 \u00a0 \u00a0 \u00a0 correspondiente a la diferencia le ser\u00e1 entregado como incentivo.<\/li>\n\n\n\n<li>Valor mensual para el cubrimiento de fotocopias, apoyo de alimentaci\u00f3n y transporte.\u00a0<\/li>\n\n\n\n<li>Formaci\u00f3n en Responsabilidad Social, Liderazgo o alguno de los procesos ofertados por la Vicerrector\u00eda.\u00a0\u00a0<\/li>\n<\/ul>\n\n\n\n<p><span class=\"post-content__span\"> <strong>Deberes:<\/strong><\/p>\n\n\n\n<ul class=\"wp-block-list\">\n<li>Los beneficiados por el Programa BECAS TALENTO entregar\u00e1n en los d\u00edas 20 de cada mes o el d\u00eda h\u00e1bil m\u00e1s cercano, los formatos acad\u00e9micos firmados por sus profesores, con el fin de acreditar el cumplimiento de sus compromisos acad\u00e9micos.\u00a0<\/li>\n<\/ul>\n\n\n\n<p><span class=\"post-content__span\"> <strong>Tener en cuenta:<\/strong><\/p>\n\n\n\n<ul class=\"wp-block-list\">\n<li>Ser estudiante activo en programas de pregrado que no est\u00e9n integrados a\u00a0Jornada\u00a0Especial.<\/li>\n\n\n\n<li>Se tendr\u00e1 en cuenta participaciones en procesos sociales, culturales, deportivos, de desarrollo cient\u00edfico; entre otros que se consideren aportan significativamente al desarrollo socialmente responsable, ambientalmente sustentable y econ\u00f3micamente sostenible.<\/li>\n\n\n\n<li>Las inscripciones estar\u00e1n abiertas del lunes 9 de noviembre al jueves 19 de noviembre de 2020<\/li>\n<\/ul>\n\n\n\n<p><span class=\"post-content__span\"> <strong>Estudiante si&nbsp;est\u00e1 interesado en pertenecer a este Programa y cumple con los requisitos anteriormente mencionados, te invitamos a que te&nbsp;inscribas desde el <\/strong><strong>lunes 9 de noviembre y hasta el 19 de noviembre de 2020<\/strong>&nbsp;<strong>en el siguiente formulario<\/strong><\/p>\n\n\n\n<p><span class=\"post-content__span\"> <a href=\"https:\/\/docs.google.com\/forms\/d\/e\/1FAIpQLScMfjDzh_-VXyf1rTeBKXS9FqNVT7G6CDY18S9eoMoMp6nKhA\/viewform?usp=sf_link\">Da clic aqu\u00ed para abrir&nbsp;el&nbsp;Formulario de inscripci\u00f3n<\/a><\/p>\n\n\n\n<p><span class=\"post-content__span\"> <strong>Mayores informes:<\/strong><\/p>\n\n\n\n<p><span class=\"post-content__span\"> Mar\u00eda Fernanda Grajales Acevedo<\/p>\n\n\n\n<p><span class=\"post-content__span\"> Profesional Gesti\u00f3n Estrat\u00e9gica<\/p>\n\n\n\n<p><span class=\"post-content__span\"> Vicerrector\u00eda de Responsabilidad Social y Bienestar Universitario<\/p>\n\n\n\n<p><span class=\"post-content__span\"> Correo electr\u00f3nico: mariaf@utp.edu.co<\/p>\n","protected":false},"excerpt":{"rendered":"<p>Convocatoria Becas Talento estudiantes programas jornada regular UTP para 2021-1 Empresas: Gerenciar y Pentagrama La Vicerrector\u00eda de Responsabilidad Social y [&hellip;]<\/p>\n","protected":false},"author":0,"featured_media":60564,"comment_status":"closed","ping_status":"closed","sticky":false,"template":"","format":"standard","meta":{"footnotes":""},"categories":[3],"tags":[],"class_list":["post-7421","post","type-post","status-publish","format-standard","has-post-thumbnail","hentry","category-noticias"],"_links":{"self":[{"href":"https:\/\/vicerrectorias.utp.edu.co\/responsabilidad-social\/wp-json\/wp\/v2\/posts\/7421","targetHints":{"allow":["GET"]}}],"collection":[{"href":"https:\/\/vicerrectorias.utp.edu.co\/responsabilidad-social\/wp-json\/wp\/v2\/posts"}],"about":[{"href":"https:\/\/vicerrectorias.utp.edu.co\/responsabilidad-social\/wp-json\/wp\/v2\/types\/post"}],"replies":[{"embeddable":true,"href":"https:\/\/vicerrectorias.utp.edu.co\/responsabilidad-social\/wp-json\/wp\/v2\/comments?post=7421"}],"version-history":[{"count":2,"href":"https:\/\/vicerrectorias.utp.edu.co\/responsabilidad-social\/wp-json\/wp\/v2\/posts\/7421\/revisions"}],"predecessor-version":[{"id":60888,"href":"https:\/\/vicerrectorias.utp.edu.co\/responsabilidad-social\/wp-json\/wp\/v2\/posts\/7421\/revisions\/60888"}],"wp:featuredmedia":[{"embeddable":true,"href":"https:\/\/vicerrectorias.utp.edu.co\/responsabilidad-social\/wp-json\/wp\/v2\/media\/60564"}],"wp:attachment":[{"href":"https:\/\/vicerrectorias.utp.edu.co\/responsabilidad-social\/wp-json\/wp\/v2\/media?parent=7421"}],"wp:term":[{"taxonomy":"category","embeddable":true,"href":"https:\/\/vicerrectorias.utp.edu.co\/responsabilidad-social\/wp-json\/wp\/v2\/categories?post=7421"},{"taxonomy":"post_tag","embeddable":true,"href":"https:\/\/vicerrectorias.utp.edu.co\/responsabilidad-social\/wp-json\/wp\/v2\/tags?post=7421"}],"curies":[{"name":"wp","href":"https:\/\/api.w.org\/{rel}","templated":true}]}}