{"id":7261,"date":"2020-11-03T18:44:16","date_gmt":"2020-11-03T17:44:16","guid":{"rendered":""},"modified":"2024-08-15T15:52:33","modified_gmt":"2024-08-15T13:52:33","slug":"bienestar-informa-03112020","status":"publish","type":"post","link":"https:\/\/vicerrectorias.utp.edu.co\/responsabilidad-social\/bienestar-informa-03112020\/","title":{"rendered":"Bienestar informa 03\/11\/2020"},"content":{"rendered":"\n<p><span class=\"post-content__span\"> Del 16 al 31 de octubre se realizaron m\u00faltiples actividades de deporte, actividad f\u00edsica, conversatorios en salud mental y f\u00edsica, entre otros temas de inter\u00e9s para la comunidad universitaria, adem\u00e1s&nbsp; en articulaci\u00f3n con la Vicerrector\u00eda Acad\u00e9mica del 15 al 17 de octubre del presente a\u00f1o se desarroll\u00f3 con \u00e9xito la semana universitaria obteniendo una participaci\u00f3n de aproximadamente 5000 personas y con m\u00e1s de 30 actividades de formaci\u00f3n integral y vivencial, algunas de ellas fueron: Festival de oralidad Ver Voz, Reconocimiento de los deportistas de alto rendimiento y artistas de la UTP,&nbsp; Concurso de protocolos de bioseguridad en los escenarios deportivos UTP, Toma PAI del juego de las emociones, Conferencia \u201cEficiencia del saque en voleibol en el campeonato mundial de clubes FIVB masculino, velocidad y otras variables, Betin Brasil 2015\u201d, a lo anteriormente mencionado se le realiz\u00f3 difusi\u00f3n por los medios de comunicaci\u00f3n propios de nuestra vicerrector\u00eda como lo son: el Facebook, la emisora Universitaria Est\u00e9reo 88.2 y el canal de youtube institucional. Sino no pudiste participar en alguno de estos eventos ampl\u00eda la informaci\u00f3n leyendo nuestro bolet\u00edn informativo.<\/p>\n\n\n\n<figure class=\"wp-block-image\"><img decoding=\"async\" src=\"https:\/\/vicerrectorias.utp.edu.co\/responsabilidad-social\/wp-content\/uploads\/sites\/12\/Boletin%203%20de%20noviembre-01.jpg\" alt=\"\"\/><\/figure>\n","protected":false},"excerpt":{"rendered":"<p>Del 16 al 31 de octubre se realizaron m\u00faltiples actividades de deporte, actividad f\u00edsica, conversatorios en salud mental y f\u00edsica, [&hellip;]<\/p>\n","protected":false},"author":0,"featured_media":60563,"comment_status":"closed","ping_status":"closed","sticky":false,"template":"","format":"standard","meta":{"footnotes":""},"categories":[3],"tags":[],"class_list":["post-7261","post","type-post","status-publish","format-standard","has-post-thumbnail","hentry","category-noticias"],"_links":{"self":[{"href":"https:\/\/vicerrectorias.utp.edu.co\/responsabilidad-social\/wp-json\/wp\/v2\/posts\/7261","targetHints":{"allow":["GET"]}}],"collection":[{"href":"https:\/\/vicerrectorias.utp.edu.co\/responsabilidad-social\/wp-json\/wp\/v2\/posts"}],"about":[{"href":"https:\/\/vicerrectorias.utp.edu.co\/responsabilidad-social\/wp-json\/wp\/v2\/types\/post"}],"replies":[{"embeddable":true,"href":"https:\/\/vicerrectorias.utp.edu.co\/responsabilidad-social\/wp-json\/wp\/v2\/comments?post=7261"}],"version-history":[{"count":1,"href":"https:\/\/vicerrectorias.utp.edu.co\/responsabilidad-social\/wp-json\/wp\/v2\/posts\/7261\/revisions"}],"predecessor-version":[{"id":8900,"href":"https:\/\/vicerrectorias.utp.edu.co\/responsabilidad-social\/wp-json\/wp\/v2\/posts\/7261\/revisions\/8900"}],"wp:featuredmedia":[{"embeddable":true,"href":"https:\/\/vicerrectorias.utp.edu.co\/responsabilidad-social\/wp-json\/wp\/v2\/media\/60563"}],"wp:attachment":[{"href":"https:\/\/vicerrectorias.utp.edu.co\/responsabilidad-social\/wp-json\/wp\/v2\/media?parent=7261"}],"wp:term":[{"taxonomy":"category","embeddable":true,"href":"https:\/\/vicerrectorias.utp.edu.co\/responsabilidad-social\/wp-json\/wp\/v2\/categories?post=7261"},{"taxonomy":"post_tag","embeddable":true,"href":"https:\/\/vicerrectorias.utp.edu.co\/responsabilidad-social\/wp-json\/wp\/v2\/tags?post=7261"}],"curies":[{"name":"wp","href":"https:\/\/api.w.org\/{rel}","templated":true}]}}