{"id":7231,"date":"2020-10-02T13:15:47","date_gmt":"2020-10-02T11:15:47","guid":{"rendered":""},"modified":"2024-08-16T09:33:03","modified_gmt":"2024-08-16T07:33:03","slug":"convocatoria-cupos-en-cdi-utepitos-estudiantes","status":"publish","type":"post","link":"https:\/\/vicerrectorias.utp.edu.co\/responsabilidad-social\/convocatoria-cupos-en-cdi-utepitos-estudiantes\/","title":{"rendered":"CONVOCATORIA CUPOS EN CDI UTEPITOS &#8211; ESTUDIANTES"},"content":{"rendered":"\n<p><span class=\"post-content__span\"> La Vicerrector\u00eda de Responsabilidad social y Bienestar Universitario informa que hasta este viernes 2 de octubre estar\u00e1 habilitada\u00a0la CONVOCATORIA para cubrir 13 cupos disponibles en el CDI UTEPITOS con hijos de estudiantes de Pregrado y Posgrado que cumplan con los requisitos establecidos en documento adjunto; resaltar en el mensaje que \u00ab<strong>Por este semestre la atenci\u00f3n es virtual,\u00a0lo ni\u00f1os\u00a0permanecer\u00e1n en las casas<\/strong>\u00ab. Recibir\u00e1n dentro de los beneficios:\u00a0<\/p>\n\n\n\n<ul class=\"wp-block-list\">\n<li>Acompa\u00f1amiento pedag\u00f3gico por medio de clases virtuales \u00a0y estrategias orientadas por el \u00a0ICBF, entrega de kit escolar.<\/li>\n\n\n\n<li>Entrega de mercado mensual del ICBF (RPP=Raci\u00f3n para preparar)<\/li>\n\n\n\n<li>Entrega de Bienestarina M\u00e1s<\/li>\n\n\n\n<li>Estimulaci\u00f3n temprana a trav\u00e9s de la m\u00fasica a cargo de la corporaci\u00f3n Batuta.<\/li>\n\n\n\n<li>Deportes y recreaci\u00f3n por profesionales.<\/li>\n\n\n\n<li>Acompa\u00f1amiento en salud y Nutrici\u00f3n a \u00a0cargo de profesionales en enfermer\u00eda y nutrici\u00f3n.<\/li>\n\n\n\n<li>Acompa\u00f1amiento psicosocial a cargo de profesionales en psicolog\u00eda, psicosocial.<\/li>\n\n\n\n<li>Acompa\u00f1amiento del acuerdo \u00a0municipal 042.<\/li>\n<\/ul>\n\n\n\n<p><span class=\"post-content__span\"> Amplia la informaci\u00f3n aqu\u00ed:&nbsp;<a href=\"https:\/\/vicerrectorias.utp.edu.co\/responsabilidad-social\/wp-content\/uploads\/sites\/12\/%C3%BAltima%20Convocatoria%2013%20cupos%20UTEPITOS-a%20octubre%202%20de%202020.pdf\">https:\/\/vicerrectorias.utp.edu.co\/responsabilidad-social\/wp-content\/uploads\/sites\/12\/%C3%BAltima%20Convocatoria%2013%20cupos%20UTEPITOS-a%20octubre%202%20de%202020.pdf<\/a><\/p>\n","protected":false},"excerpt":{"rendered":"<p>La Vicerrector\u00eda de Responsabilidad social y Bienestar Universitario informa que hasta este viernes 2 de octubre estar\u00e1 habilitada\u00a0la CONVOCATORIA para [&hellip;]<\/p>\n","protected":false},"author":0,"featured_media":60560,"comment_status":"closed","ping_status":"closed","sticky":false,"template":"","format":"standard","meta":{"footnotes":""},"categories":[3],"tags":[],"class_list":["post-7231","post","type-post","status-publish","format-standard","has-post-thumbnail","hentry","category-noticias"],"_links":{"self":[{"href":"https:\/\/vicerrectorias.utp.edu.co\/responsabilidad-social\/wp-json\/wp\/v2\/posts\/7231","targetHints":{"allow":["GET"]}}],"collection":[{"href":"https:\/\/vicerrectorias.utp.edu.co\/responsabilidad-social\/wp-json\/wp\/v2\/posts"}],"about":[{"href":"https:\/\/vicerrectorias.utp.edu.co\/responsabilidad-social\/wp-json\/wp\/v2\/types\/post"}],"replies":[{"embeddable":true,"href":"https:\/\/vicerrectorias.utp.edu.co\/responsabilidad-social\/wp-json\/wp\/v2\/comments?post=7231"}],"version-history":[{"count":2,"href":"https:\/\/vicerrectorias.utp.edu.co\/responsabilidad-social\/wp-json\/wp\/v2\/posts\/7231\/revisions"}],"predecessor-version":[{"id":60899,"href":"https:\/\/vicerrectorias.utp.edu.co\/responsabilidad-social\/wp-json\/wp\/v2\/posts\/7231\/revisions\/60899"}],"wp:featuredmedia":[{"embeddable":true,"href":"https:\/\/vicerrectorias.utp.edu.co\/responsabilidad-social\/wp-json\/wp\/v2\/media\/60560"}],"wp:attachment":[{"href":"https:\/\/vicerrectorias.utp.edu.co\/responsabilidad-social\/wp-json\/wp\/v2\/media?parent=7231"}],"wp:term":[{"taxonomy":"category","embeddable":true,"href":"https:\/\/vicerrectorias.utp.edu.co\/responsabilidad-social\/wp-json\/wp\/v2\/categories?post=7231"},{"taxonomy":"post_tag","embeddable":true,"href":"https:\/\/vicerrectorias.utp.edu.co\/responsabilidad-social\/wp-json\/wp\/v2\/tags?post=7231"}],"curies":[{"name":"wp","href":"https:\/\/api.w.org\/{rel}","templated":true}]}}