{"id":7191,"date":"2020-09-10T11:47:32","date_gmt":"2020-09-10T09:47:32","guid":{"rendered":""},"modified":"2024-08-15T15:52:33","modified_gmt":"2024-08-15T13:52:33","slug":"programa-de-mentoria-generacion-e","status":"publish","type":"post","link":"https:\/\/vicerrectorias.utp.edu.co\/responsabilidad-social\/programa-de-mentoria-generacion-e\/","title":{"rendered":"Programa de Mentoria &#8211; Generaci\u00f3n E"},"content":{"rendered":"\n<figure class=\"wp-block-image\"><img decoding=\"async\" src=\"https:\/\/vicerrectorias.utp.edu.co\/responsabilidad-social\/wp-content\/uploads\/sites\/12\/unnamed.jpg\" alt=\"\"\/><\/figure>\n\n\n\n<p><span class=\"post-content__span\"> El Ministerio de Educaci\u00f3n Nacional convoca a los estudiantes beneficiarios del Programa de Generaci\u00f3n E a participar del Programa de Mentor\u00eda que se desplegar\u00e1 en cada una de las Instituciones de Educaci\u00f3n Superior donde los estudiantes se encuentren matriculados, el cual se articula a las Estrategias de Permanencia y Graduaci\u00f3n en pro de brindar un acompa\u00f1amiento individual y grupal entre pares que favorezca la adaptaci\u00f3n al proceso de formaci\u00f3n a partir de espacios de interacci\u00f3n que le permitir\u00e1 al estudiante para mentor\u00eda y al mentor vivir una experiencia de aprendizaje mutuo y de gu\u00eda para los nuevos estudiantes por parte del mentor, que se traduce en una mayor confianza, en autonom\u00eda, en gesti\u00f3n y en acceso a recursos, en reconocimiento de los intereses y de las &nbsp;competencias en relaci\u00f3n con el \u00e1rea de conocimiento del programa, en manejo de la crisis de carrera y de la incertidumbre.<\/p>\n\n\n\n<p><span class=\"post-content__span\"> <span><strong>NIVELES DE PARTICIPACI\u00d3N<\/strong><\/span><\/p>\n\n\n\n<figure class=\"wp-block-table\"><table><tbody><tr><td>\n<p><span class=\"post-content__span\"> <strong>Mentor<\/strong><\/p>\n<p><span class=\"post-content__span\"> <a href=\"https:\/\/forms.gle\/mDHd225RenaKyn669\">MENTORES (Estudiante que brinda un acompa\u00f1amiento a un estudiantes de Generaci\u00f3n E): Primera Fase<\/a><\/p>\n<\/td><td>\n<p><span class=\"post-content__span\"> <strong>Estudiante para mentor\u00eda <\/strong><\/p>\n<p><span class=\"post-content__span\"> <a href=\"https:\/\/eafit.qualtrics.com\/jfe\/form\/SV_37pjBR2CohX6sBL\">MENTORADOS (Estudiantes del programa de Generaci\u00f3n E que solicita acompa\u00f1amiento \u00abmentoria\u00bb)<\/a><\/p>\n<\/td><\/tr><tr><td>\n<p><span class=\"post-content__span\"> Estudiante de quinto semestre en adelante que fungir\u00e1 como gu\u00eda.<\/p>\n<p><span class=\"post-content__span\"> Estudiante de cuarto semestre, perteneciente al programa Generaci\u00f3n E.<\/p>\n<\/td><td>\n<p><span class=\"post-content__span\"> Estudiante beneficiario matriculado en el primer, segundo o tercer semestre,&nbsp;perteneciente al programa Generaci\u00f3n E.<\/p>\n<\/td><\/tr><\/tbody><\/table><\/figure>\n\n\n\n<p><span class=\"post-content__span\"> \n<strong>REQUISITOS PARA PARTICIPAR EN LA CONVOCATORIA.<\/strong><\/p>\n\n\n\n<figure class=\"wp-block-table\"><table><tbody><tr><td>\n<p><span class=\"post-content__span\"> <strong>Mentores<\/strong><\/p>\n<\/td><td>\n<p><span class=\"post-content__span\"> <strong>Estudiante para mentor\u00eda<\/strong><\/p>\n<\/td><\/tr><tr><td>\n<p><span class=\"post-content__span\"> Ser estudiante de quinto semestre en adelante.<\/p>\n<p><span class=\"post-content__span\"> Ser estudiante de cuarto semestre, perteneciente al programa Generaci\u00f3n E.<\/p>\n<\/td><td>\n<p><span class=\"post-content__span\"> Estudiante beneficiario matriculado en el primer, segundo o tercer semestre,&nbsp;perteneciente al programa Generaci\u00f3n E.<\/p>\n<\/td><\/tr><tr><td>\n<p><span class=\"post-content__span\"> Diligenciar el formulario de inscripci\u00f3n.<\/p>\n<\/td><td>\n<p><span class=\"post-content__span\"> Diligenciar el formulario de inscripci\u00f3n.<\/p>\n<\/td><\/tr><tr><td>\n<p><span class=\"post-content__span\"> Asistir a la jornada de inducci\u00f3n y de formaci\u00f3n.<\/p>\n<\/td><td>\n<p><span class=\"post-content__span\"> Asistir a la jornada de inducci\u00f3n y de formaci\u00f3n.<\/p>\n<\/td><\/tr><tr><td>\n<p><span class=\"post-content__span\"> Comprometerse con el seguimiento del estudiante para mentor\u00eda asignado.<\/p>\n<\/td><td>\n<p><span class=\"post-content__span\"> Comprometerse con el seguimiento por parte del mentor asignado.<\/p>\n<\/td><\/tr><tr><td>\n<p><span class=\"post-content__span\"> Manifestar por escrito que conoce el reglamento del programa.<\/p>\n<\/td><td>\n<p><span class=\"post-content__span\"> Manifestar por escrito que conoce el reglamento del programa.<\/p>\n<\/td><\/tr><tr><td>\n<p><span class=\"post-content__span\"> Elaborar con el estudiante para mentor\u00eda el plan de trabajo: Tem\u00e1ticas, horas, recursos, entre otros.<\/p>\n<\/td><td>\n<p><span class=\"post-content__span\"> Elaborar con el mentor el plan de trabajo:&nbsp; tem\u00e1ticas, horas, recursos, entre otros.<\/p>\n<\/td><\/tr><tr><td>\n<p><span class=\"post-content__span\"> Disponibilidad de tiempo para la Mentor\u00eda.<\/p>\n<\/td><td>\n<p><span class=\"post-content__span\"> Disponibilidad de tiempo para la Mentor\u00eda.<\/p>\n<\/td><\/tr><\/tbody><\/table><\/figure>\n\n\n\n<p><span class=\"post-content__span\"> <strong>T\u00c9RMINOS Y CONDICIONES<\/strong><\/p>\n\n\n\n<p><span class=\"post-content__span\"> Para participar verifique que cumple los requisitos y revise el cronograma y la documentaci\u00f3n complementaria.<\/p>\n\n\n\n<ul class=\"wp-block-list\"><li>Fecha de inicio de la convocatoria: 8 de septiembre de 2020<\/li><li>Fecha de cierre de la convocatoria: 21 de septiembre de 2020<\/li><\/ul>\n\n\n\n<p><span class=\"post-content__span\"> <strong>INSCRIPCIONES&nbsp;<\/strong>&nbsp;<\/p>\n\n\n\n<ul class=\"wp-block-list\"><li><a href=\"https:\/\/forms.gle\/mDHd225RenaKyn669\">MENTORES (Estudiante que brinda un acompa\u00f1amiento a un estudiantes de Generaci\u00f3n E): Primera Fase<\/a><\/li><li><a href=\"https:\/\/eafit.qualtrics.com\/jfe\/form\/SV_37pjBR2CohX6sBL\">MENTORADOS (Estudiantes del programa de Generaci\u00f3n E que solicita acompa\u00f1amiento \u00abmentoria\u00bb)<\/a><\/li><\/ul>\n","protected":false},"excerpt":{"rendered":"<p>El Ministerio de Educaci\u00f3n Nacional convoca a los estudiantes beneficiarios del Programa de Generaci\u00f3n E a participar del Programa de [&hellip;]<\/p>\n","protected":false},"author":0,"featured_media":60557,"comment_status":"closed","ping_status":"closed","sticky":false,"template":"","format":"standard","meta":{"footnotes":""},"categories":[3],"tags":[],"class_list":["post-7191","post","type-post","status-publish","format-standard","has-post-thumbnail","hentry","category-noticias"],"_links":{"self":[{"href":"https:\/\/vicerrectorias.utp.edu.co\/responsabilidad-social\/wp-json\/wp\/v2\/posts\/7191","targetHints":{"allow":["GET"]}}],"collection":[{"href":"https:\/\/vicerrectorias.utp.edu.co\/responsabilidad-social\/wp-json\/wp\/v2\/posts"}],"about":[{"href":"https:\/\/vicerrectorias.utp.edu.co\/responsabilidad-social\/wp-json\/wp\/v2\/types\/post"}],"replies":[{"embeddable":true,"href":"https:\/\/vicerrectorias.utp.edu.co\/responsabilidad-social\/wp-json\/wp\/v2\/comments?post=7191"}],"version-history":[{"count":1,"href":"https:\/\/vicerrectorias.utp.edu.co\/responsabilidad-social\/wp-json\/wp\/v2\/posts\/7191\/revisions"}],"predecessor-version":[{"id":8907,"href":"https:\/\/vicerrectorias.utp.edu.co\/responsabilidad-social\/wp-json\/wp\/v2\/posts\/7191\/revisions\/8907"}],"wp:featuredmedia":[{"embeddable":true,"href":"https:\/\/vicerrectorias.utp.edu.co\/responsabilidad-social\/wp-json\/wp\/v2\/media\/60557"}],"wp:attachment":[{"href":"https:\/\/vicerrectorias.utp.edu.co\/responsabilidad-social\/wp-json\/wp\/v2\/media?parent=7191"}],"wp:term":[{"taxonomy":"category","embeddable":true,"href":"https:\/\/vicerrectorias.utp.edu.co\/responsabilidad-social\/wp-json\/wp\/v2\/categories?post=7191"},{"taxonomy":"post_tag","embeddable":true,"href":"https:\/\/vicerrectorias.utp.edu.co\/responsabilidad-social\/wp-json\/wp\/v2\/tags?post=7191"}],"curies":[{"name":"wp","href":"https:\/\/api.w.org\/{rel}","templated":true}]}}