{"id":7171,"date":"2020-09-08T11:45:22","date_gmt":"2020-09-08T09:45:22","guid":{"rendered":""},"modified":"2024-08-15T15:52:33","modified_gmt":"2024-08-15T13:52:33","slug":"2-convocatoria-audicion-de-la-orquesta-de-cuerdas","status":"publish","type":"post","link":"https:\/\/vicerrectorias.utp.edu.co\/responsabilidad-social\/2-convocatoria-audicion-de-la-orquesta-de-cuerdas\/","title":{"rendered":"2 Convocatoria Audici\u00f3n de la Orquesta de Cuerdas"},"content":{"rendered":"\n<p><span class=\"post-content__span\"> <strong>UNIVERSIDAD TECNOL\u00d3GICA DE PEREIRA \u2013 ORQUESTA DE CUERDAS<br>\nCONVOCATORIA 2das. AUDICIONES TEMPORADA 2do SEMESTRE 2020<br>\nDirector Titular: Louis TILLET&nbsp;<\/strong><\/p>\n\n\n\n<p><span class=\"post-content__span\"> La Vicerrector\u00eda de Responsabilidad Social y Bienestar Universitario y la facultad de Bellas Artes y Humanidades de la UTP convocan a las 2das audiciones de la orquesta de cuerdas.<\/p>\n\n\n\n<ul class=\"wp-block-list\"><li><strong>OBJETO&nbsp;&nbsp; &#8211;<\/strong><\/li><\/ul>\n\n\n\n<p><span class=\"post-content__span\"> Realizar la Convocatoria de audiciones con el fin de suplir en las categor\u00edas de m\u00fasico externo y estudiantes monitores. Las personas que quedar\u00e1n admitidas s\u00f3lo podr\u00e1n hacer parte de un proyecto de la Vice-Rector\u00eda de Responsabilidad Social y Bienestar Universitario.<\/p>\n\n\n\n<p><span class=\"post-content__span\"> \u2192 <strong>M\u00daSICOS EXTERNOS: 2 PUESTOS<\/strong><\/p>\n\n\n\n<p><span class=\"post-content__span\"> <strong>1 puesto \/VIOLA \u2013 1 puesto \/VIOLONCHELO <\/strong><\/p>\n\n\n\n<p><span class=\"post-content__span\"> \u2192 <strong>ESTUDIANTES CON POSIBILIDAD DE OSTENTAR MONITOR\u00cdA: 5 PUESTOS<\/strong><\/p>\n\n\n\n<p><span class=\"post-content__span\"> <strong>4 puestos \/VIOL\u00cdN \u2013 1 puesto \/VIOLA <\/strong><\/p>\n\n\n\n<p><span class=\"post-content__span\"> &nbsp;&nbsp;&nbsp;&nbsp;&nbsp;&nbsp;&nbsp;&nbsp;&nbsp;&nbsp;&nbsp; <strong>\u266b<\/strong><strong> Programa de la Audici\u00f3n:<\/strong> Presentaci\u00f3n de una grabaci\u00f3n personal, realizada en casa, de 2 obras solistas distintas: <strong>un estudio t\u00e9cnico de virtuosidad<\/strong> (autor indefinido, al gusto) y <strong>una pieza del repertorio<\/strong>, suficientemente demostrativa de las calidades musicales del interprete, a elegir entre los autores siguientes:<\/p>\n\n\n\n<p><span class=\"post-content__span\"> Bach, Haydn, Mozart, Beethoven, Brahms, Saint-Sa\u00ebns, Liszt, Tscha\u00efkowsky, Lalo, Paganini, Wieniawski, Sarasate, Berlioz, Ravel, Debussy, Bart\u00f3k. Duraci\u00f3n cumulada \u2013 completa \u2013 : 10 minutos.<\/p>\n\n\n\n<p><span class=\"post-content__span\"> Las dos grabaciones deben ser enviadas por correo electr\u00f3nico antes el Viernes 2 de Octubre de 2020 a las 2.00 P.M. a: \u2013 Louis Tillet, Director musical \u2013 &nbsp;<a href=\"mailto:louis.tillet@sfr.fr\"><strong>louis.tillet@sfr.fr<\/strong><\/a> &nbsp;\u2013, acompa\u00f1adas, en el mismo correo, de los documentos siguientes en piezas adjuntas:<\/p>\n\n\n\n<ul class=\"wp-block-list\"><li>1 Hoja de Vida completa con presentaci\u00f3n del estado civil, datos completos, y menci\u00f3n de los estudios cumplidos o en desarrollo, diplomas eventuales y actividades art\u00edsticas posiblemente en curso.<\/li><li>una copia \u201cPdf\u201d de las dos partituras presentadas.<\/li><li>una sucinta carta de motivaci\u00f3n, indicando particularmente la disponibilidad del m\u00fasico para integrase a la Orquesta, seg\u00fan una ocupaci\u00f3n de 6h semanales de ensayo \u2013 reales o virtuales, pudiendo incluir los s\u00e1bados y\/o Domingos \u2013 y una periodicidad mensual de prestaciones de concierto o de grabaci\u00f3n.<\/li><\/ul>\n\n\n\n<p><span class=\"post-content__span\"> Los resultados ser\u00e1n comunicados por correo electr\u00f3nico de la Vicerrector\u00eda de Responsabilidad Social y Bienestar Universitario de la Universidad Tecnol\u00f3gica de Pereira, el m\u00e1s r\u00e1pidamente posible.<\/p>\n\n\n\n<p><span class=\"post-content__span\"> <strong>\u266b <\/strong><strong>Contactos, dudas e inquietudes: <\/strong>Vicerrector\u00eda de Responsabilidad Social y Bienestar Universitario \/UTP, <a href=\"mailto:louis.tillet@sfr.fr\"><strong>louis.tillet@sfr.fr<\/strong><\/a><strong>,&nbsp; <\/strong><strong><a href=\"mailto:mi.perdomo@utp.edu.co\">mi.perdomo@utp.edu.co<\/a><\/strong>&nbsp; &nbsp; &nbsp; &nbsp; &nbsp; &nbsp; &nbsp; &nbsp; &nbsp;Administraci\u00f3n de la Orquesta de Cuerdas de la Universidad Tecnol\u00f3gica de Pereira<\/p>\n","protected":false},"excerpt":{"rendered":"<p>UNIVERSIDAD TECNOL\u00d3GICA DE PEREIRA \u2013 ORQUESTA DE CUERDAS CONVOCATORIA 2das. AUDICIONES TEMPORADA 2do SEMESTRE 2020 Director Titular: Louis TILLET&nbsp; La [&hellip;]<\/p>\n","protected":false},"author":0,"featured_media":60554,"comment_status":"closed","ping_status":"closed","sticky":false,"template":"","format":"standard","meta":{"footnotes":""},"categories":[3],"tags":[],"class_list":["post-7171","post","type-post","status-publish","format-standard","has-post-thumbnail","hentry","category-noticias"],"_links":{"self":[{"href":"https:\/\/vicerrectorias.utp.edu.co\/responsabilidad-social\/wp-json\/wp\/v2\/posts\/7171","targetHints":{"allow":["GET"]}}],"collection":[{"href":"https:\/\/vicerrectorias.utp.edu.co\/responsabilidad-social\/wp-json\/wp\/v2\/posts"}],"about":[{"href":"https:\/\/vicerrectorias.utp.edu.co\/responsabilidad-social\/wp-json\/wp\/v2\/types\/post"}],"replies":[{"embeddable":true,"href":"https:\/\/vicerrectorias.utp.edu.co\/responsabilidad-social\/wp-json\/wp\/v2\/comments?post=7171"}],"version-history":[{"count":1,"href":"https:\/\/vicerrectorias.utp.edu.co\/responsabilidad-social\/wp-json\/wp\/v2\/posts\/7171\/revisions"}],"predecessor-version":[{"id":8909,"href":"https:\/\/vicerrectorias.utp.edu.co\/responsabilidad-social\/wp-json\/wp\/v2\/posts\/7171\/revisions\/8909"}],"wp:featuredmedia":[{"embeddable":true,"href":"https:\/\/vicerrectorias.utp.edu.co\/responsabilidad-social\/wp-json\/wp\/v2\/media\/60554"}],"wp:attachment":[{"href":"https:\/\/vicerrectorias.utp.edu.co\/responsabilidad-social\/wp-json\/wp\/v2\/media?parent=7171"}],"wp:term":[{"taxonomy":"category","embeddable":true,"href":"https:\/\/vicerrectorias.utp.edu.co\/responsabilidad-social\/wp-json\/wp\/v2\/categories?post=7171"},{"taxonomy":"post_tag","embeddable":true,"href":"https:\/\/vicerrectorias.utp.edu.co\/responsabilidad-social\/wp-json\/wp\/v2\/tags?post=7171"}],"curies":[{"name":"wp","href":"https:\/\/api.w.org\/{rel}","templated":true}]}}