{"id":7141,"date":"2020-08-27T15:59:01","date_gmt":"2020-08-27T13:59:01","guid":{"rendered":""},"modified":"2024-08-16T10:26:03","modified_gmt":"2024-08-16T08:26:03","slug":"cursos-de-batuta","status":"publish","type":"post","link":"https:\/\/vicerrectorias.utp.edu.co\/responsabilidad-social\/cursos-de-batuta\/","title":{"rendered":"Cursos de Batuta"},"content":{"rendered":"\n<p><span class=\"post-content__span\"> Hasta este pr\u00f3ximo 28 de agosto podr\u00e1s incribirte&nbsp;a estos maravillosos cursos, no te lo pierdas.<\/p>\n\n\n\n<p><span class=\"post-content__span\"> <strong>ESTIMULACI\u00d3N MUSICAL<\/strong><\/p>\n\n\n\n<p><span class=\"post-content__span\"> <a href=\"https:\/\/forms.gle\/YnpRUv9nwDyX6pjr6\">https:\/\/forms.gle\/YnpRUv9nwDyX6pjr6<\/a><\/p>\n\n\n\n<p><span class=\"post-content__span\"> <strong>ESTIMULACI\u00d3N MUSICAL &#8211; UTPITOS<\/strong><\/p>\n\n\n\n<p><span class=\"post-content__span\"> <a href=\"https:\/\/forms.gle\/xYaEimrJdUJo2j8o7\">https:\/\/forms.gle\/xYaEimrJdUJo2j8o7<\/a><\/p>\n\n\n\n<p><span class=\"post-content__span\"> <strong>BATUBEBES No1<\/strong><\/p>\n\n\n\n<p><span class=\"post-content__span\"> <a href=\"https:\/\/forms.gle\/9w8YUmZzNqc1kPPCA\">https:\/\/forms.gle\/9w8YUmZzNqc1kPPCA<\/a><\/p>\n\n\n\n<p><span class=\"post-content__span\"> <strong>BATUBEBES No2<\/strong><\/p>\n\n\n\n<p><span class=\"post-content__span\"> <a href=\"https:\/\/forms.gle\/HTdHjMJzxWoC53oz5\">https:\/\/forms.gle\/HTdHjMJzxWoC53oz5<\/a><\/p>\n\n\n\n<p><span class=\"post-content__span\"> <strong>ENSAMBLE MUSICAL INICIACI\u00d3N<\/strong><\/p>\n\n\n\n<p><span class=\"post-content__span\"> <a href=\"https:\/\/forms.gle\/eSr3FVoNiwwc1RUGA\">https:\/\/forms.gle\/eSr3FVoNiwwc1RUGA<\/a><\/p>\n\n\n\n<p><span class=\"post-content__span\"> <strong>ENSAMBLE MUSICAL INTERMEDIO<\/strong><\/p>\n\n\n\n<p><span class=\"post-content__span\"> <a href=\"https:\/\/forms.gle\/VQeDHaNZ2vqf3tp58\">https:\/\/forms.gle\/VQeDHaNZ2vqf3tp58<\/a><\/p>\n\n\n\n<p><span class=\"post-content__span\"> <strong>ENSAMBLE MUSICAL AVANZADO<\/strong><\/p>\n\n\n\n<p><span class=\"post-content__span\"> <a href=\"https:\/\/forms.gle\/LX44qoywtCMPFgPBA\">https:\/\/forms.gle\/LX44qoywtCMPFgPBA<\/a><\/p>\n\n\n\n<p><span class=\"post-content__span\"> <strong>ENSAMBLE MUSICAL JUVENIL<\/strong><\/p>\n\n\n\n<p><span class=\"post-content__span\"> <a href=\"https:\/\/forms.gle\/sb5vfN2nDawqUAFo8\">https:\/\/forms.gle\/sb5vfN2nDawqUAFo8<\/a><\/p>\n\n\n\n<p><span class=\"post-content__span\"> <strong>FORMACI\u00d3N MUSICAL PARA ADULTOS<\/strong><\/p>\n\n\n\n<p><span class=\"post-content__span\"> <a href=\"https:\/\/forms.gle\/1oWH7mdNGgmaZRy56\">https:\/\/forms.gle\/1oWH7mdNGgmaZRy56<\/a><\/p>\n\n\n\n<figure class=\"wp-block-image size-full\"><img loading=\"lazy\" decoding=\"async\" width=\"2084\" height=\"2500\" src=\"https:\/\/vicerrectorias.utp.edu.co\/responsabilidad-social\/wp-content\/uploads\/sites\/12\/Informacion-Cursos-Batuta-01.jpg\" alt=\"\" class=\"wp-image-60916\"\/><\/figure>\n","protected":false},"excerpt":{"rendered":"<p>Hasta este pr\u00f3ximo 28 de agosto podr\u00e1s incribirte&nbsp;a estos maravillosos cursos, no te lo pierdas. ESTIMULACI\u00d3N MUSICAL https:\/\/forms.gle\/YnpRUv9nwDyX6pjr6 ESTIMULACI\u00d3N MUSICAL [&hellip;]<\/p>\n","protected":false},"author":0,"featured_media":60551,"comment_status":"closed","ping_status":"closed","sticky":false,"template":"","format":"standard","meta":{"footnotes":""},"categories":[3],"tags":[],"class_list":["post-7141","post","type-post","status-publish","format-standard","has-post-thumbnail","hentry","category-noticias"],"_links":{"self":[{"href":"https:\/\/vicerrectorias.utp.edu.co\/responsabilidad-social\/wp-json\/wp\/v2\/posts\/7141","targetHints":{"allow":["GET"]}}],"collection":[{"href":"https:\/\/vicerrectorias.utp.edu.co\/responsabilidad-social\/wp-json\/wp\/v2\/posts"}],"about":[{"href":"https:\/\/vicerrectorias.utp.edu.co\/responsabilidad-social\/wp-json\/wp\/v2\/types\/post"}],"replies":[{"embeddable":true,"href":"https:\/\/vicerrectorias.utp.edu.co\/responsabilidad-social\/wp-json\/wp\/v2\/comments?post=7141"}],"version-history":[{"count":2,"href":"https:\/\/vicerrectorias.utp.edu.co\/responsabilidad-social\/wp-json\/wp\/v2\/posts\/7141\/revisions"}],"predecessor-version":[{"id":60917,"href":"https:\/\/vicerrectorias.utp.edu.co\/responsabilidad-social\/wp-json\/wp\/v2\/posts\/7141\/revisions\/60917"}],"wp:featuredmedia":[{"embeddable":true,"href":"https:\/\/vicerrectorias.utp.edu.co\/responsabilidad-social\/wp-json\/wp\/v2\/media\/60551"}],"wp:attachment":[{"href":"https:\/\/vicerrectorias.utp.edu.co\/responsabilidad-social\/wp-json\/wp\/v2\/media?parent=7141"}],"wp:term":[{"taxonomy":"category","embeddable":true,"href":"https:\/\/vicerrectorias.utp.edu.co\/responsabilidad-social\/wp-json\/wp\/v2\/categories?post=7141"},{"taxonomy":"post_tag","embeddable":true,"href":"https:\/\/vicerrectorias.utp.edu.co\/responsabilidad-social\/wp-json\/wp\/v2\/tags?post=7141"}],"curies":[{"name":"wp","href":"https:\/\/api.w.org\/{rel}","templated":true}]}}