{"id":7111,"date":"2020-08-12T12:10:49","date_gmt":"2020-08-12T10:10:49","guid":{"rendered":""},"modified":"2024-08-15T15:52:33","modified_gmt":"2024-08-15T13:52:33","slug":"convocatoria-para-cupos-2020-2-cdi-utepitos","status":"publish","type":"post","link":"https:\/\/vicerrectorias.utp.edu.co\/responsabilidad-social\/convocatoria-para-cupos-2020-2-cdi-utepitos\/","title":{"rendered":"Convocatoria para Cupos 2020-2 CDI-UTEPITOS"},"content":{"rendered":"\n<p><span class=\"post-content__span\"> El CDI Casita Utepitos es un proyecto especial UTP en alianza con el ICBF \u2013 Instituto Colombiano de Bienestar Familiar que, mediante el Centro de Desarrollo Infantil CDI CASITA UTEPITOS, el cual abre convocatoria&nbsp;el semestre 2020-2 aquellos padres y madres estudiantes de pregrado&nbsp;que cumplan los requisitos y que deseen hacer parte del CDI-UTEPITOS a postularse a uno de los 13 cupos disponibles que se tienen habilitados, para lo cual se dispone a continuaci\u00f3n la ruta a seguir:<\/p>\n\n\n\n<p><span class=\"post-content__span\"> Sala cuna (6 meses a 1 a\u00f1o): capacidad 10 cupos; disponibles 5.<\/p>\n\n\n\n<p><span class=\"post-content__span\"> Gateadores (1a 2 a\u00f1os): capacidad 10 cupos; Disponible 1.<\/p>\n\n\n\n<p><span class=\"post-content__span\"> P\u00e1rvulos (2 a 3 a\u00f1os): capacidad 18 cupos; Disponibles 6.<\/p>\n\n\n\n<p><span class=\"post-content__span\"> Prejard\u00edn y jard\u00edn (3 a 5 a\u00f1os): capacidad 20 cupos; Disponible 1.<\/p>\n\n\n\n<p><span class=\"post-content__span\"> <strong>Documentaci\u00f3n requerida:<\/strong><\/p>\n\n\n\n<ol class=\"wp-block-list\"><li>Recibo de pago del semestre en curso o certificado de estudio vigente UTP (soporte que &nbsp;&nbsp;&nbsp;&nbsp;&nbsp;&nbsp;&nbsp;&nbsp;&nbsp;&nbsp;habilita el cupo).<\/li><li>Registro de preinscripci\u00f3n (se firma en la oficina una vez se tiene el cupo).<\/li><li>Pacto de convivencia (se firma en la oficina una vez se tiene el cupo).<\/li><li>Registro civil del ni\u00f1o\/ni\u00f1a (legible, buen estado).<\/li><li>Fotocopias de las c\u00e9dulas de padres de familia. (Legible, buen estado).<\/li><li>Recibos p\u00fablicos domiciliarios (agua y luz).<\/li><li>Fotocopia del carn\u00e9 de vacunas. (legible, buen estado).<\/li><li>Fotocopia del carn\u00e9 de crecimiento y desarrollo. (legible, buen estado).<\/li><li>Fotocopia del <strong>SISBEN.<\/strong><\/li><li>Fotocopia del <strong>ADRES <\/strong>(certificaci\u00f3n de afiliaci\u00f3n a la EPS activo y vigente; consulta p\u00e1gina:&nbsp;&nbsp;&nbsp; <a href=\"https:\/\/www.adres.gov.co\/BDUA\/Consulta-Afiliados-BDUA\">https:\/\/www.adres.gov.co\/BDUA\/Consulta-Afiliados-BDUA<\/a>).<\/li><li>Certificado o carta de afiliaci\u00f3n a la <strong>EPS.<\/strong><\/li><li>Ex\u00e1menes m\u00e9dicos: general, visual, auditivo, odontol\u00f3gico.<\/li><li>Desparasitario (despu\u00e9s de los 2 a\u00f1os).<\/li><li>Carta motivacional: el estudiante solicitante debe escribir de manera amplia y sustentada el por qu\u00e9 desea que su hijo\/a haga parte del CDI UTEPITOS; adem\u00e1s, describir los compromisos de corresponsabilidad que, en caso de ser beneficiado, asume tanto con su hijo\/a como con el CDI-UTEPITOS.<\/li><\/ol>\n\n\n\n<p><span class=\"post-content__span\"> NOTA:&nbsp;Los documentos deben ser anexados en original y en formato PDF.<\/p>\n\n\n\n<figure class=\"wp-block-table\"><table><tbody><tr><td>\n<p><span class=\"post-content__span\"> <strong>CONVOCATORIA PARA ASIGNAR 13 CUPOS UTEPITOS<\/strong><\/p>\n<p><span class=\"post-content__span\"> <strong>2020-2<\/strong><\/p>\n<\/td><\/tr><tr><td>\n<p><span class=\"post-content__span\"> <strong>ITEM<\/strong><\/p>\n<\/td><td>\n<p><span class=\"post-content__span\"> <strong>INICIO<\/strong><\/p>\n<\/td><td>\n<p><span class=\"post-content__span\"> <strong>CIERRE<\/strong><\/p>\n<\/td><\/tr><tr><td>\n<p><span class=\"post-content__span\"> Apertura y cierre de la convocatoria.<\/p>\n<\/td><td>\n<p><span class=\"post-content__span\"> mi\u00e9rcoles 12 de agosto del a\u00f1o 2020<\/p>\n<\/td><td>\n<p><span class=\"post-content__span\"> mi\u00e9rcoles 26 de agosto del a\u00f1o 2020<\/p>\n<\/td><\/tr><tr><td>\n<p><span class=\"post-content__span\"> Estudio cumplimiento de requisitos por parte de Trabajo Social y Direcci\u00f3n CDI UTEPITOS &#8211; Promoci\u00f3n Social VRSYBU.<\/p>\n<\/td><td>\n<p><span class=\"post-content__span\"> jueves 27 de agosto<\/p>\n<\/td><td>\n<p><span class=\"post-content__span\"> lunes 31 de agosto<\/p>\n<\/td><\/tr><tr><td>\n<p><span class=\"post-content__span\"> Informe de beneficiarios y asignaci\u00f3n de cupos. Direcci\u00f3n CDI-UTEPITOS al correo UTP de los estudiantes beneficiados y se publicar\u00e1 por el blog del observatorio: <a href=\"https:\/\/blog.utp.edu.co\/observatoriosocial\/\">https:\/\/blog.utp.edu.co\/observatoriosocial\/<\/a><\/p>\n<\/td><td>\n<p><span class=\"post-content__span\"> &#8211;<\/p>\n<\/td><td>\n<p><span class=\"post-content__span\"> Martes 1 de septiembre<\/p>\n<\/td><\/tr><tr><td>\n<p><span class=\"post-content__span\"> Tr\u00e1mite de inscripci\u00f3n y confirmaci\u00f3n de matr\u00edcula (ficha de presentaci\u00f3n del beneficiario). Direcci\u00f3n CDI-UTEPITOS al correo UTP de los estudiantes beneficiados.<\/p>\n<\/td><td>\n<p><span class=\"post-content__span\"> Martes 1 de septiembre<\/p>\n<\/td><td>\n<p><span class=\"post-content__span\"> Mi\u00e9rcoles 2 de septiembre<\/p>\n<\/td><\/tr><\/tbody><\/table><\/figure>\n\n\n\n<p><span class=\"post-content__span\"> <strong>Ficha de inscripci\u00f3n a la convocatoria:&nbsp;<\/strong><\/p>\n\n\n\n<figure class=\"wp-block-embed\"><div class=\"wp-block-embed__wrapper\">\nhttps:\/\/forms.gle\/qExoL8jNN5U38XjU8\n<\/div><\/figure>\n\n\n\n<p><span class=\"post-content__span\"> <span><strong>TENER EN CUENTA:<\/strong><\/span><\/p>\n\n\n\n<ul class=\"wp-block-list\"><li>Es importante tener en cuenta que los criterios de focalizaci\u00f3n se validan a partir del primer criterio indispensable para el acceso a este CDI.<\/li><li>En los casos de poblaciones excepcionales &#8211; sujetos espec\u00edficos de derecho, deber\u00e1 anexar la certificaci\u00f3n correspondiente emitida por el ente a fin. (V\u00edctimas de la violencia, Poblaciones \u00c9tnicas, discapacidad, sujetos de especial protecci\u00f3n, entre otros).<\/li><li>LOS<strong>&nbsp;<\/strong>&nbsp;cupos se asignan con base al cumplimiento de requisitos y orden de llegada. As\u00ed mismo, se tendr\u00e1 una base datos activa que permita suplir los cupos que en el marco del proceso del CDI-UTEPITOS se vayan liberando.<\/li><\/ul>\n\n\n\n<ol class=\"wp-block-list\"><li>Estudiante activo de pregrado de la Universidad Tecnol\u00f3gica de Pereira.<\/li><li>V\u00edctimas de hechos violentos asociados al conflicto armado, de acuerdo con las directrices establecidas en la Ley 1448 de 2011 y los Decretos ley 4633, 4634 y 4635 de 2011, as\u00ed como la Sentencia T-025 de 2004 proferida por la Corte Constitucional y dem\u00e1s desarrollos jurisprudenciales en torno a la existencia de un estado de cosas inconstitucional.<\/li><li>Ni\u00f1as y ni\u00f1os egresados de las modalidades de atenci\u00f3n definidas en el marco del proceso de promoci\u00f3n y prevenci\u00f3n &#8211; Nutrici\u00f3n (Centros de Recuperaci\u00f3n Nutricional -CRN- y 1000 d\u00edas para Cambiar el Mundo), que sean remitidos por Direcci\u00f3n Regional, Centro Zonal, Defensor\u00eda de Familia o quien haga sus veces.<\/li><li>Pertenecientes a familias identificadas a trav\u00e9s de la Estrategia para la Superaci\u00f3n de la Pobreza Extrema \u2013 Red UNIDOS.<\/li><li>Remitidos por las entidades del Sistema Nacional de Bienestar Familiar -SNBF- que se encuentren en situaci\u00f3n de vulnerabilidad, riesgo de vulneraci\u00f3n de derechos o programas de protecci\u00f3n del ICBF.<\/li><li>Pertenecientes a comunidades \u00e9tnicas (ind\u00edgenas, comunidades negras, afrocolombianas, Palenqueros, Raizales y Rrom), que demanden el servicio.<\/li><li>Ni\u00f1os y ni\u00f1as con discapacidad, para los que se dificulte el cuidado y protecci\u00f3n adecuados, y los que sean remitidos por el SNBF con base en el registro para la localizaci\u00f3n y caracterizaci\u00f3n de personas con discapacidad del Ministerio de Salud -SISPRO-, o por parte de los comit\u00e9s territoriales y locales de discapacidad, as\u00ed como, por las entidades territoriales en salud.<\/li><li>Beneficiarios del subsidio en especie para poblaci\u00f3n vulnerable, del que trata el art\u00edculo 12 de la Ley 1537 de 2012 (Vivienda de Inter\u00e9s Social y Vivienda de Inter\u00e9s Prioritario), y el Decreto 1921 de 2012 o el que reglamente la materia.<\/li><li>Ni\u00f1as y ni\u00f1os cuyos padres est\u00e9n en establecimientos de reclusi\u00f3n.<\/li><li>Poblaci\u00f3n migrante que cumpla con alguna de las siguientes caracter\u00edsticas: ausencia de vivienda o condiciones de hacinamiento, que no cuenten con acceso a servicios p\u00fablicos domiciliarios o que no cuenten con ning\u00fan tipo de afiliaci\u00f3n al Sistema General de Seguridad Social en Salud.<\/li><li>Ni\u00f1as y ni\u00f1os remitidos del servicio HCB FAMI y DIMF de zonas urbano-marginales que al cumplir los 2 a\u00f1os deben transitar a otros servicios de educaci\u00f3n inicial.<\/li><li>Pertenecientes a hogares cuyo puntaje SISBEN sea igual o inferior a los puntos de corte definidos para Primera Infancia, 57,21. <strong>Anotaci\u00f3n:<\/strong> en caso de no contar con SISBEN, los profesionales CDI-UTEPITOS realizar\u00e1 visita domiciliaria y entrevista para, en lo posible gestionar el mismo.<\/li><li>Los cupos se asignan con base al cumplimiento de requisitos y orden de llegada. As\u00ed mismo, se tendr\u00e1 una base datos activa que permita suplir los cupos que en el marco del proceso del CDI-UTEPITOS se vayan liberando.<\/li><\/ol>\n","protected":false},"excerpt":{"rendered":"<p>El CDI Casita Utepitos es un proyecto especial UTP en alianza con el ICBF \u2013 Instituto Colombiano de Bienestar Familiar [&hellip;]<\/p>\n","protected":false},"author":0,"featured_media":60548,"comment_status":"closed","ping_status":"closed","sticky":false,"template":"","format":"standard","meta":{"footnotes":""},"categories":[3],"tags":[],"class_list":["post-7111","post","type-post","status-publish","format-standard","has-post-thumbnail","hentry","category-noticias"],"_links":{"self":[{"href":"https:\/\/vicerrectorias.utp.edu.co\/responsabilidad-social\/wp-json\/wp\/v2\/posts\/7111","targetHints":{"allow":["GET"]}}],"collection":[{"href":"https:\/\/vicerrectorias.utp.edu.co\/responsabilidad-social\/wp-json\/wp\/v2\/posts"}],"about":[{"href":"https:\/\/vicerrectorias.utp.edu.co\/responsabilidad-social\/wp-json\/wp\/v2\/types\/post"}],"replies":[{"embeddable":true,"href":"https:\/\/vicerrectorias.utp.edu.co\/responsabilidad-social\/wp-json\/wp\/v2\/comments?post=7111"}],"version-history":[{"count":1,"href":"https:\/\/vicerrectorias.utp.edu.co\/responsabilidad-social\/wp-json\/wp\/v2\/posts\/7111\/revisions"}],"predecessor-version":[{"id":8915,"href":"https:\/\/vicerrectorias.utp.edu.co\/responsabilidad-social\/wp-json\/wp\/v2\/posts\/7111\/revisions\/8915"}],"wp:featuredmedia":[{"embeddable":true,"href":"https:\/\/vicerrectorias.utp.edu.co\/responsabilidad-social\/wp-json\/wp\/v2\/media\/60548"}],"wp:attachment":[{"href":"https:\/\/vicerrectorias.utp.edu.co\/responsabilidad-social\/wp-json\/wp\/v2\/media?parent=7111"}],"wp:term":[{"taxonomy":"category","embeddable":true,"href":"https:\/\/vicerrectorias.utp.edu.co\/responsabilidad-social\/wp-json\/wp\/v2\/categories?post=7111"},{"taxonomy":"post_tag","embeddable":true,"href":"https:\/\/vicerrectorias.utp.edu.co\/responsabilidad-social\/wp-json\/wp\/v2\/tags?post=7111"}],"curies":[{"name":"wp","href":"https:\/\/api.w.org\/{rel}","templated":true}]}}